{"id":42232,"date":"2016-02-18T09:16:25","date_gmt":"2016-02-18T14:16:25","guid":{"rendered":"http:\/\/www.contextosdigital.com\/?p=42232"},"modified":"2016-02-18T09:16:25","modified_gmt":"2016-02-18T14:16:25","slug":"instala-ayuntamiento-capitalino-centro-de-proximidad-social-y-mediacion-comunitaria","status":"publish","type":"post","link":"https:\/\/www.contextosdigital.com\/?p=42232","title":{"rendered":"Instala Ayuntamiento Capitalino Centro de Proximidad Social y Mediaci\u00f3n Comunitaria"},"content":{"rendered":"<p>Autoridades de la Presidencia Municipal de Tlaxcala, encabezadas por la S\u00e9ptima Regidora, Mar\u00eda Estela Amelia Lozano Sosa; instalaron el Centro de Proximidad Social y Mediaci\u00f3n Comunitaria, integrado por elementos de la Direcci\u00f3n de Seguridad P\u00fablica, Vialidad y Protecci\u00f3n Civil Municipal de Tlaxcala.<\/p>\n<p>Acompa\u00f1ados del titular del Instituto Tlaxcalteca de la Juventud (ITJ), N\u00e9stor Flores Hern\u00e1ndez; el director de la polic\u00eda capitalina, Raymundo Fragoso Mu\u00f1oz; el director del Instituto Municipal de Tlaxcala, Iv\u00e1n de Jes\u00fas Carmona Huerta; y el jefe del Departamento de Recursos Humanos del Ayuntamiento Capitalino, Omar Milton L\u00f3pez Avenda\u00f1o, firmaron el acuerdo de la creaci\u00f3n del Departamento de Proximidad Social y Mediaci\u00f3n Comunitaria de la Direcci\u00f3n de Seguridad P\u00fablica, Vialidad y Protecci\u00f3n Civil Municipal de Tlaxcala.<\/p>\n<p>En el acto, las autoridades entregaron nombramientos a los oficiales: Manuel Palacios Conde, Jos\u00e9 Juan Ortiz Ortega, Jos\u00e9 Antonio Sede\u00f1o Mart\u00ednez, y Luis V\u00edctor Romero \u00c1vila; quienes terciar\u00e1n las controversias en la Direcci\u00f3n Municipal de la juventud, ubicada en el Estadio \u201cBlas Charro Carvajal\u201d.<\/p>\n<p>En el acto, Julio C\u00e9sar Franco Guti\u00e9rrez, Consultor del\u00a0 Centro de Seguridad Urbana y Prevenci\u00f3n SC (CESUP), resalt\u00f3 que los oficiales de polic\u00eda de la ciudad de Tlaxcala, fueron capacitados en Mediaci\u00f3n Comunitaria, Mediaci\u00f3n Escolar, y Proximidad Social, en diferentes momentos del Programa Nacional de Prevenci\u00f3n Social de Violencia y la Delincuencia para lograr un M\u00e9xico en Paz.<\/p>\n<p>Ah\u00ed, Raymundo Fragoso Mu\u00f1oz, puntualiz\u00f3 la importancia de sentar las bases y protocolos para mediar en las controversias entre particulares y puedan dirimirse, lo que tiene como objetivo evitar violencia y prevenir la comisi\u00f3n de actividades delictivas.<\/p>\n","protected":false},"excerpt":{"rendered":"<p>Autoridades de la Presidencia Municipal de Tlaxcala, encabezadas por la S\u00e9ptima Regidora, Mar\u00eda Estela Amelia Lozano Sosa; instalaron el Centro de Proximidad Social y Mediaci\u00f3n Comunitaria, integrado por elementos de la Direcci\u00f3n de Seguridad P\u00fablica, Vialidad y Protecci\u00f3n Civil Municipal de Tlaxcala.<br \/>\nAcompa\u00f1ados del titular del Instituto Tlaxcalteca de la Juventud (ITJ), N\u00e9stor Flores Hern\u00e1ndez; el director de la polic\u00eda capitalina, Raymundo Fragoso Mu\u00f1oz; el director del Instituto Municipal de Tlaxcala, Iv\u00e1n de Jes\u00fas Carmona Huerta; y el jefe del Departamento de Recursos Humanos del Ayuntamiento Capitalino, Omar Milton L\u00f3pez Avenda\u00f1o, firmaron el acuerdo de la creaci\u00f3n del Departamento de Proximidad Social y Mediaci\u00f3n Comunitaria de la Direcci\u00f3n de Seguridad P\u00fablica, Vialidad y Protecci\u00f3n Civil Municipal de Tlaxcala.    <\/p>\n","protected":false},"author":2,"featured_media":42233,"comment_status":"open","ping_status":"open","sticky":false,"template":"","format":"standard","meta":{"footnotes":""},"categories":[4],"tags":[],"class_list":["post-42232","post","type-post","status-publish","format-standard","has-post-thumbnail","hentry","category-local"],"_links":{"self":[{"href":"https:\/\/www.contextosdigital.com\/index.php?rest_route=\/wp\/v2\/posts\/42232","targetHints":{"allow":["GET"]}}],"collection":[{"href":"https:\/\/www.contextosdigital.com\/index.php?rest_route=\/wp\/v2\/posts"}],"about":[{"href":"https:\/\/www.contextosdigital.com\/index.php?rest_route=\/wp\/v2\/types\/post"}],"author":[{"embeddable":true,"href":"https:\/\/www.contextosdigital.com\/index.php?rest_route=\/wp\/v2\/users\/2"}],"replies":[{"embeddable":true,"href":"https:\/\/www.contextosdigital.com\/index.php?rest_route=%2Fwp%2Fv2%2Fcomments&post=42232"}],"version-history":[{"count":1,"href":"https:\/\/www.contextosdigital.com\/index.php?rest_route=\/wp\/v2\/posts\/42232\/revisions"}],"predecessor-version":[{"id":42234,"href":"https:\/\/www.contextosdigital.com\/index.php?rest_route=\/wp\/v2\/posts\/42232\/revisions\/42234"}],"wp:featuredmedia":[{"embeddable":true,"href":"https:\/\/www.contextosdigital.com\/index.php?rest_route=\/wp\/v2\/media\/42233"}],"wp:attachment":[{"href":"https:\/\/www.contextosdigital.com\/index.php?rest_route=%2Fwp%2Fv2%2Fmedia&parent=42232"}],"wp:term":[{"taxonomy":"category","embeddable":true,"href":"https:\/\/www.contextosdigital.com\/index.php?rest_route=%2Fwp%2Fv2%2Fcategories&post=42232"},{"taxonomy":"post_tag","embeddable":true,"href":"https:\/\/www.contextosdigital.com\/index.php?rest_route=%2Fwp%2Fv2%2Ftags&post=42232"}],"curies":[{"name":"wp","href":"https:\/\/api.w.org\/{rel}","templated":true}]}}