{"id":42224,"date":"2016-02-17T09:16:52","date_gmt":"2016-02-17T14:16:52","guid":{"rendered":"http:\/\/www.contextosdigital.com\/?p=42224"},"modified":"2016-02-17T09:16:52","modified_gmt":"2016-02-17T14:16:52","slug":"inauguran-mgz-y-presidente-del-tfjfa-sala-regional-en-tlaxcala","status":"publish","type":"post","link":"https:\/\/www.contextosdigital.com\/?p=42224","title":{"rendered":"Inauguran MGZ y presidente del TFJFA sala regional en Tlaxcala"},"content":{"rendered":"<p>El Gobernador del Estado, Mariano Gonz\u00e1lez Zarur, y el Presidente del Tribunal Federal de Justicia Fiscal y Administrativa (Tfjfa), Manuel Hallivis Pelayo, inauguraron este martes la Sala Regional de Tlaxcala\u00a0 perteneciente a este \u00f3rgano, lo que beneficiar\u00e1 directamente a los ciudadanos tlaxcaltecas, ya que ahora no tendr\u00e1n la necesidad de trasladarse fuera del Estado para dirimir sus controversias, lo que representa un ahorro de tiempo y costos.<\/p>\n<p>Durante el evento, celebrado en las instalaciones de esta sala ubicada en Apetatitl\u00e1n, el Presidente del Tfjfa agradeci\u00f3 al Jefe del Ejecutivo su inter\u00e9s y respaldo absoluto para la instalaci\u00f3n de este \u00f3rgano en la entidad tlaxcalteca, que tiene como principal tarea la atenci\u00f3n de quejas y controversias sobre cualquier resoluci\u00f3n de autoridades federales.<\/p>\n<p>\u201cSe\u00f1or Gobernador agradezco su hospitalidad y hago patente el reconocimiento de este Tribunal por su decidido y determinante apoyo en la creaci\u00f3n de esta sala, as\u00ed como por\u00a0 todas las facilidades que nos ha brindado\u201d, enfatiz\u00f3.<\/p>\n<p>Por su parte, Gonz\u00e1lez Zarur asever\u00f3 que\u00a0 con la presencia del Tfjfa en la entidad, su administraci\u00f3n cumple con el compromiso de mejorar la impartici\u00f3n de justicia en beneficio de los tlaxcaltecas, y con ello se fortalece el Estado de Derecho.<\/p>\n<p>\u201cMi reconocimiento y profundo agradecimiento al Tribunal Federal de Justicia Fiscal y Administrativa, y desde luego a su Presidente, por su apoyo incondicional para culminar este importante proyecto, gracias a ello seguimos avanzando\u00a0 en el fortalecimiento del Estado de Derecho, y con ello existe un sistema de justicia m\u00e1s cercano a la gente, moderno, eficaz y transparente\u201d, remarc\u00f3.<\/p>\n<p>Asimismo, el Gobernador\u00a0 recalc\u00f3 que con la presencia de esta sala tambi\u00e9n se prev\u00e9\u00a0 beneficiar a ciudadanos de otras entidades aleda\u00f1as a Tlaxcala, como es el caso de la zona norte de Puebla, que abarca ciudades como Huauchinango Zacatl\u00e1n, Chignahuapan, Ixtacamaxtitl\u00e1n e incluso de la zona circundante a la armadora Audi, debido a que existe mayor cercan\u00eda de estas zonas a la entidad en comparaci\u00f3n con la capital poblana.<\/p>\n<p>Cabe se\u00f1alar que previo al acto protocolario, el Gobernador y el Presidente del Tfjfa realizaron un recorrido por estas instalaciones que se caracterizan por su modernidad y adecuada infraestructura para albergar a los magistrados y para otorgar la debida atenci\u00f3n a los usuarios.<\/p>\n<p>En este evento tambi\u00e9n estuvieron presentes el secretario de Planeaci\u00f3n y Finanzas, Jorge Vald\u00e9s Aguilera; el Consejero Jur\u00eddico del Ejecutivo, H\u00e9ctor Maldonado Bonilla; la Presidente de Tribunal Superior de Justicia del Estado, Elsa Cordero Mart\u00ednez, as\u00ed como funcionarios estatales y de este \u00f3rgano de Justicia Fiscal y Administrativa.<\/p>\n","protected":false},"excerpt":{"rendered":"<p>El Gobernador del Estado, Mariano Gonz\u00e1lez Zarur, y el Presidente del Tribunal Federal de Justicia Fiscal y Administrativa (Tfjfa), Manuel Hallivis Pelayo, inauguraron este martes la Sala Regional de Tlaxcala  perteneciente a este \u00f3rgano, lo que beneficiar\u00e1 directamente a los ciudadanos tlaxcaltecas, ya que ahora no tendr\u00e1n la necesidad de trasladarse fuera del Estado para dirimir sus controversias, lo que representa un ahorro de tiempo y costos.<br \/>\nDurante el evento, celebrado en las instalaciones de esta sala ubicada en Apetatitl\u00e1n, el Presidente del Tfjfa agradeci\u00f3 al Jefe del Ejecutivo su inter\u00e9s y respaldo absoluto para la instalaci\u00f3n de este \u00f3rgano en la entidad tlaxcalteca, que tiene como principal tarea la atenci\u00f3n de quejas y controversias sobre cualquier resoluci\u00f3n de autoridades federales.<br \/>\n\u201cSe\u00f1or Gobernador agradezco su hospitalidad y hago patente el reconocimiento de este Tribunal por su decidido y determinante apoyo en la creaci\u00f3n de esta sala, as\u00ed como por  todas las facilidades que nos ha brindado\u201d, enfatiz\u00f3.<\/p>\n","protected":false},"author":2,"featured_media":42225,"comment_status":"open","ping_status":"open","sticky":false,"template":"","format":"standard","meta":{"footnotes":""},"categories":[4],"tags":[],"class_list":["post-42224","post","type-post","status-publish","format-standard","has-post-thumbnail","hentry","category-local"],"_links":{"self":[{"href":"https:\/\/www.contextosdigital.com\/index.php?rest_route=\/wp\/v2\/posts\/42224","targetHints":{"allow":["GET"]}}],"collection":[{"href":"https:\/\/www.contextosdigital.com\/index.php?rest_route=\/wp\/v2\/posts"}],"about":[{"href":"https:\/\/www.contextosdigital.com\/index.php?rest_route=\/wp\/v2\/types\/post"}],"author":[{"embeddable":true,"href":"https:\/\/www.contextosdigital.com\/index.php?rest_route=\/wp\/v2\/users\/2"}],"replies":[{"embeddable":true,"href":"https:\/\/www.contextosdigital.com\/index.php?rest_route=%2Fwp%2Fv2%2Fcomments&post=42224"}],"version-history":[{"count":1,"href":"https:\/\/www.contextosdigital.com\/index.php?rest_route=\/wp\/v2\/posts\/42224\/revisions"}],"predecessor-version":[{"id":42226,"href":"https:\/\/www.contextosdigital.com\/index.php?rest_route=\/wp\/v2\/posts\/42224\/revisions\/42226"}],"wp:featuredmedia":[{"embeddable":true,"href":"https:\/\/www.contextosdigital.com\/index.php?rest_route=\/wp\/v2\/media\/42225"}],"wp:attachment":[{"href":"https:\/\/www.contextosdigital.com\/index.php?rest_route=%2Fwp%2Fv2%2Fmedia&parent=42224"}],"wp:term":[{"taxonomy":"category","embeddable":true,"href":"https:\/\/www.contextosdigital.com\/index.php?rest_route=%2Fwp%2Fv2%2Fcategories&post=42224"},{"taxonomy":"post_tag","embeddable":true,"href":"https:\/\/www.contextosdigital.com\/index.php?rest_route=%2Fwp%2Fv2%2Ftags&post=42224"}],"curies":[{"name":"wp","href":"https:\/\/api.w.org\/{rel}","templated":true}]}}