{"id":42221,"date":"2016-02-17T09:15:34","date_gmt":"2016-02-17T14:15:34","guid":{"rendered":"http:\/\/www.contextosdigital.com\/?p=42221"},"modified":"2016-02-17T09:15:34","modified_gmt":"2016-02-17T14:15:34","slug":"destaca-presidente-del-tfjfa-compromiso-del-gobernador-en-el-fortalecimiento-de-la-justicia","status":"publish","type":"post","link":"https:\/\/www.contextosdigital.com\/?p=42221","title":{"rendered":"Destaca Presidente del TFJFA compromiso del Gobernador en el fortalecimiento de  la justicia"},"content":{"rendered":"<p>En el marco de la inauguraci\u00f3n de la Sala Regional de Tlaxcala\u00a0 del Tribunal Federal de Justicia Fiscal y Administrativa (Tfjfa), el Magistrado Presidente de este organismo, Manuel Hallivis Pelayo, destac\u00f3 el inter\u00e9s del Gobernador del Estado, Mariano Gonz\u00e1lez Zarur, por la instalaci\u00f3n de este \u00f3rgano, pues as\u00ed demuestra su compromiso y responsabilidad de acercar a los tlaxcaltecas los servicios de impartici\u00f3n de justicia y con ello contribuye al desarrollo y equidad social en la entidad.<\/p>\n<p>\u201cPuedo afirmar, sin temor a equivocarme, que el principal apoyo del Tribunal para abrir la sala aqu\u00ed fue precisamente el Gobernador, don Mariano Gonz\u00e1lez\u201d, subray\u00f3 el Presidente del Tfjfa.<\/p>\n<p>Asimismo, Hallivis Pelayo enfatiz\u00f3 que la apertura de esta sala\u00a0 ya era una necesidad apremiante, puesto que todos los casos de Tlaxcala se atend\u00edan en la sala del Tfjfa ubicada en Puebla, lo que representaba gastos para los usuarios, quienes desembolsaban dinero para su traslado, as\u00ed como para el env\u00edo de documentaci\u00f3n.<\/p>\n<p>En este sentido, el Magistrado precis\u00f3\u00a0 que en Tlaxcala se tienen alrededor de mil asuntos de competencia del Tfjfa, los cuales ya fueron referidos de Puebla a esta nueva sala, a los que se sumar\u00e1n aquellos casos que ya se atender\u00e1n totalmente en la entidad.<\/p>\n<p>Por otra parte, el funcionario consider\u00f3 que otra de las ventajas de la\u00a0 apertura de esta sala es que se detonar\u00e1 la profesi\u00f3n jur\u00eddico fiscal y administrativa en Tlaxcala, dado que la ciudadan\u00eda demandar\u00e1 m\u00e1s de este tipo de servicios que ahora tendr\u00e1n presencia directa en la entidad.<\/p>\n<p>Finalmente, Hallivis Pelayo hizo hincapi\u00e9 en que esta Sala Regional de Tlaxcala\u00a0 del Tribunal Federal de Justicia Fiscal y Administrativa cuenta con todos los requerimientos arquitect\u00f3nicos y tecnol\u00f3gicos que aseguran la pronta, eficiente y transparente atenci\u00f3n de las cuestiones fiscales y administrativas, por lo que en este recinto operar\u00e1n magistrados, secretarios de acuerdos, actuarios y dem\u00e1s personal capacitado.<\/p>\n<p>Cabe mencionar que esta sala se ubica en calle Vicente Guerrero, n\u00famero 1, Barrio La Conchita, comunidad de Atzitzimititl\u00e1n, municipio de Apetatitl\u00e1n.<\/p>\n","protected":false},"excerpt":{"rendered":"<p>En el marco de la inauguraci\u00f3n de la Sala Regional de Tlaxcala  del Tribunal Federal de Justicia Fiscal y Administrativa (Tfjfa), el Magistrado Presidente de este organismo, Manuel Hallivis Pelayo, destac\u00f3 el inter\u00e9s del Gobernador del Estado, Mariano Gonz\u00e1lez Zarur, por la instalaci\u00f3n de este \u00f3rgano, pues as\u00ed demuestra su compromiso y responsabilidad de acercar a los tlaxcaltecas los servicios de impartici\u00f3n de justicia y con ello contribuye al desarrollo y equidad social en la entidad.<br \/>\n\u201cPuedo afirmar, sin temor a equivocarme, que el principal apoyo del Tribunal para abrir la sala aqu\u00ed fue precisamente el Gobernador, don Mariano Gonz\u00e1lez\u201d, subray\u00f3 el Presidente del Tfjfa.<br \/>\nAsimismo, Hallivis Pelayo enfatiz\u00f3 que la apertura de esta sala  ya era una necesidad apremiante, puesto que todos los casos de Tlaxcala se atend\u00edan en la sala del Tfjfa ubicada en Puebla, lo que representaba gastos para los usuarios, quienes desembolsaban dinero para su traslado, as\u00ed como para el env\u00edo de documentaci\u00f3n.<\/p>\n","protected":false},"author":2,"featured_media":42222,"comment_status":"open","ping_status":"open","sticky":false,"template":"","format":"standard","meta":{"footnotes":""},"categories":[4],"tags":[],"class_list":["post-42221","post","type-post","status-publish","format-standard","has-post-thumbnail","hentry","category-local"],"_links":{"self":[{"href":"https:\/\/www.contextosdigital.com\/index.php?rest_route=\/wp\/v2\/posts\/42221","targetHints":{"allow":["GET"]}}],"collection":[{"href":"https:\/\/www.contextosdigital.com\/index.php?rest_route=\/wp\/v2\/posts"}],"about":[{"href":"https:\/\/www.contextosdigital.com\/index.php?rest_route=\/wp\/v2\/types\/post"}],"author":[{"embeddable":true,"href":"https:\/\/www.contextosdigital.com\/index.php?rest_route=\/wp\/v2\/users\/2"}],"replies":[{"embeddable":true,"href":"https:\/\/www.contextosdigital.com\/index.php?rest_route=%2Fwp%2Fv2%2Fcomments&post=42221"}],"version-history":[{"count":1,"href":"https:\/\/www.contextosdigital.com\/index.php?rest_route=\/wp\/v2\/posts\/42221\/revisions"}],"predecessor-version":[{"id":42223,"href":"https:\/\/www.contextosdigital.com\/index.php?rest_route=\/wp\/v2\/posts\/42221\/revisions\/42223"}],"wp:featuredmedia":[{"embeddable":true,"href":"https:\/\/www.contextosdigital.com\/index.php?rest_route=\/wp\/v2\/media\/42222"}],"wp:attachment":[{"href":"https:\/\/www.contextosdigital.com\/index.php?rest_route=%2Fwp%2Fv2%2Fmedia&parent=42221"}],"wp:term":[{"taxonomy":"category","embeddable":true,"href":"https:\/\/www.contextosdigital.com\/index.php?rest_route=%2Fwp%2Fv2%2Fcategories&post=42221"},{"taxonomy":"post_tag","embeddable":true,"href":"https:\/\/www.contextosdigital.com\/index.php?rest_route=%2Fwp%2Fv2%2Ftags&post=42221"}],"curies":[{"name":"wp","href":"https:\/\/api.w.org\/{rel}","templated":true}]}}