{"id":42218,"date":"2016-02-17T09:14:23","date_gmt":"2016-02-17T14:14:23","guid":{"rendered":"http:\/\/www.contextosdigital.com\/?p=42218"},"modified":"2016-02-17T09:14:23","modified_gmt":"2016-02-17T14:14:23","slug":"entrega-rector-de-la-uat-equipo-de-trabajo-a-diferentes-areas-universitarias","status":"publish","type":"post","link":"https:\/\/www.contextosdigital.com\/?p=42218","title":{"rendered":"Entrega Rector de la UAT equipo de trabajo a diferentes \u00e1reas universitarias"},"content":{"rendered":"<p>Resultado de la aplicaci\u00f3n de recursos federales extraordinarios relacionados con el fortalecimiento de la calidad educativa en las instituciones de educaci\u00f3n superior, el Mtro. Rub\u00e9n Reyes C\u00f3rdoba, Rector de la Universidad Aut\u00f3noma de Tlaxcala (UAT), acompa\u00f1ado del Mtro. Rodolfo Ortiz Ortiz, Director de la Unidad de Planeaci\u00f3n Institucional, entreg\u00f3 2,441 herramientas de trabajo a las Secretar\u00edas, Coordinaciones de Divisi\u00f3n, Facultades, Unidades Acad\u00e9micas Multidisciplinarias y \u00e1reas administrativas, consistentes en equipo de c\u00f3mputo, acervo bibliogr\u00e1fico y mobiliario, lo que representa una inversi\u00f3n de casi catorce millones y medio de pesos.<\/p>\n<p>En el vest\u00edbulo del Centro Cultural Universitario, el Mtro. Reyes C\u00f3rdoba se\u00f1al\u00f3 que la dotaci\u00f3n de estos elementos es resultado del manejo oportuno y eficiente del presupuesto, y que estos son derivados del Programa de Fortalecimiento de la Calidad en Instituciones Educativas (PROFOCIE), del Fondo para Elevar la Calidad de la Educaci\u00f3n Superior (FECES), y del Programa de Expansi\u00f3n en la Oferta Educativa en Educaci\u00f3n Media Superior y Superior (PROEXOEES).<\/p>\n<p>Precis\u00f3 que en la Universidad Aut\u00f3noma de Tlaxcala el ejercicio del patrimonio se hace de manera responsable, atendiendo las necesidades y requerimiento de las \u00e1reas universitarias para responder a los compromisos establecidos de manera interna con su comunidad, que d\u00eda a d\u00eda trabaja para que la Instituci\u00f3n mantenga sus elevados est\u00e1ndares en los procesos acad\u00e9micos y administrativos.<\/p>\n<p>El Mtro. Rub\u00e9n Reyes coment\u00f3 que se contin\u00faan realizando gestiones ante diferentes dependencias para direccionar financiamiento a la UAT en materia de infraestructura, aspecto que permitir\u00e1 solventar las recomendaciones hechas por los organismos externos acreditadores.<\/p>\n<p>Reiter\u00f3 su compromiso de mantener la din\u00e1mica de labor conjunta, que permite avanzar en la ruta de la calidad educativa y de beneficio al estudiante, como eje central del quehacer universitario.<\/p>\n<p>A su vez, el Mtro. Rodolfo Ortiz Ortiz, Director de la Unidad de Planeaci\u00f3n Institucional, explic\u00f3 que se ha ejecutado un esfuerzo coordinado para revisar las necesidades de las \u00e1reas, con la finalidad de dotarlas con lo requerido para reforzar sus actividades cotidianas en beneficio de toda la comunidad de la m\u00e1xima Casa de Estudios.<\/p>\n<p>Coment\u00f3 que se realiza una tarea de optimizaci\u00f3n de los recursos que llegan a la Aut\u00f3noma de Tlaxcala, adem\u00e1s de establecer un registro que permita de manera puntual adquirir art\u00edculos que eficiente el trabajo universitario.<\/p>\n<p>Al t\u00e9rmino del evento, el Mtro. Rub\u00e9n Reyes C\u00f3rdoba, acompa\u00f1ado de la estructura directiva de la Instituci\u00f3n, entreg\u00f3 simb\u00f3licamente los equipos correspondientes los Coordinadores de Divisi\u00f3n, as\u00ed como a los Directores de Facultad y de las Unidades Acad\u00e9micas Multidisciplinarias.<\/p>\n","protected":false},"excerpt":{"rendered":"<p> Resultado de la aplicaci\u00f3n de recursos federales extraordinarios relacionados con el fortalecimiento de la calidad educativa en las instituciones de educaci\u00f3n superior, el Mtro. Rub\u00e9n Reyes C\u00f3rdoba, Rector de la Universidad Aut\u00f3noma de Tlaxcala (UAT), acompa\u00f1ado del Mtro. Rodolfo Ortiz Ortiz, Director de la Unidad de Planeaci\u00f3n Institucional, entreg\u00f3 2,441 herramientas de trabajo a las Secretar\u00edas, Coordinaciones de Divisi\u00f3n, Facultades, Unidades Acad\u00e9micas Multidisciplinarias y \u00e1reas administrativas, consistentes en equipo de c\u00f3mputo, acervo bibliogr\u00e1fico y mobiliario, lo que representa una inversi\u00f3n de casi catorce millones y medio de pesos.<br \/>\n En el vest\u00edbulo del Centro Cultural Universitario, el Mtro. Reyes C\u00f3rdoba se\u00f1al\u00f3 que la dotaci\u00f3n de estos elementos es resultado del manejo oportuno y eficiente del presupuesto, y que estos son derivados del Programa de Fortalecimiento de la Calidad en Instituciones Educativas (PROFOCIE), del Fondo para Elevar la Calidad de la Educaci\u00f3n Superior (FECES), y del Programa de Expansi\u00f3n en la Oferta Educativa en Educaci\u00f3n Media Superior y Superior (PROEXOEES).<\/p>\n","protected":false},"author":2,"featured_media":42219,"comment_status":"open","ping_status":"open","sticky":false,"template":"","format":"standard","meta":{"footnotes":""},"categories":[4],"tags":[],"class_list":["post-42218","post","type-post","status-publish","format-standard","has-post-thumbnail","hentry","category-local"],"_links":{"self":[{"href":"https:\/\/www.contextosdigital.com\/index.php?rest_route=\/wp\/v2\/posts\/42218","targetHints":{"allow":["GET"]}}],"collection":[{"href":"https:\/\/www.contextosdigital.com\/index.php?rest_route=\/wp\/v2\/posts"}],"about":[{"href":"https:\/\/www.contextosdigital.com\/index.php?rest_route=\/wp\/v2\/types\/post"}],"author":[{"embeddable":true,"href":"https:\/\/www.contextosdigital.com\/index.php?rest_route=\/wp\/v2\/users\/2"}],"replies":[{"embeddable":true,"href":"https:\/\/www.contextosdigital.com\/index.php?rest_route=%2Fwp%2Fv2%2Fcomments&post=42218"}],"version-history":[{"count":1,"href":"https:\/\/www.contextosdigital.com\/index.php?rest_route=\/wp\/v2\/posts\/42218\/revisions"}],"predecessor-version":[{"id":42220,"href":"https:\/\/www.contextosdigital.com\/index.php?rest_route=\/wp\/v2\/posts\/42218\/revisions\/42220"}],"wp:featuredmedia":[{"embeddable":true,"href":"https:\/\/www.contextosdigital.com\/index.php?rest_route=\/wp\/v2\/media\/42219"}],"wp:attachment":[{"href":"https:\/\/www.contextosdigital.com\/index.php?rest_route=%2Fwp%2Fv2%2Fmedia&parent=42218"}],"wp:term":[{"taxonomy":"category","embeddable":true,"href":"https:\/\/www.contextosdigital.com\/index.php?rest_route=%2Fwp%2Fv2%2Fcategories&post=42218"},{"taxonomy":"post_tag","embeddable":true,"href":"https:\/\/www.contextosdigital.com\/index.php?rest_route=%2Fwp%2Fv2%2Ftags&post=42218"}],"curies":[{"name":"wp","href":"https:\/\/api.w.org\/{rel}","templated":true}]}}