{"id":42194,"date":"2016-02-17T09:00:34","date_gmt":"2016-02-17T14:00:34","guid":{"rendered":"http:\/\/www.contextosdigital.com\/?p=42194"},"modified":"2016-02-17T09:00:34","modified_gmt":"2016-02-17T14:00:34","slug":"verifica-policia-capitalina-activacion-de-alarmas-en-la-colonia-loma-xicotencatl","status":"publish","type":"post","link":"https:\/\/www.contextosdigital.com\/?p=42194","title":{"rendered":"Verifica Polic\u00eda Capitalina activaci\u00f3n de alarmas en la Colonia Loma Xicot\u00e9ncatl"},"content":{"rendered":"<p>Raymundo Fragoso Mu\u00f1oz, Director de Seguridad P\u00fablica, Vialidad y Protecci\u00f3n Civil Municipal de Tlaxcala, verific\u00f3 que las alarmas instaladas en la Colonia la Loma Xicoht\u00e9ncatl funcionen de forma adecuada para inhibir acciones delictivas.<\/p>\n<p>Durante la supervisi\u00f3n que se efectu\u00f3 con miembros del Comit\u00e9 de Seguridad Vecinal y Participaci\u00f3n Ciudadana de la Calle 27 de la Colonia La Loma Xicot\u00e9ncatl, Fragoso Mu\u00f1oz reconoci\u00f3 la uni\u00f3n de los vecinos para concretar acciones de vigilancia ciudadana, que incrementen la cultura de la denuncia y vinculen con mayor eficiencia los operativos de vigilancia y patrullaje.<\/p>\n<p>Acompa\u00f1ados de elementos de la Unidad de Proximidad Social y Mediaci\u00f3n Comunitaria, el servidor p\u00fablico enfatiz\u00f3 que con la colocaci\u00f3n de las alarmas los vecinos tendr\u00e1n una comunicaci\u00f3n inmediata con los oficiales de la polic\u00eda municipal, \u201cquienes agilizar\u00e1n los operativos de reacci\u00f3n ante un llamado ciudadano\u201d.<\/p>\n<p>Finalmente, Raymundo Fragoso record\u00f3 los n\u00fameros de tel\u00e9fono de respuesta inmediata de la Direcci\u00f3n de Seguridad P\u00fablica, Vialidad y Protecci\u00f3n Civil Municipal de Tlaxcala son el 01 800 890 24 30 y el 46 6 65 27; adem\u00e1s del WhatsApp 246 49 3 91 60, y el n\u00famero de emergencia 066.<\/p>\n","protected":false},"excerpt":{"rendered":"<p>Raymundo Fragoso Mu\u00f1oz, Director de Seguridad P\u00fablica, Vialidad y Protecci\u00f3n Civil Municipal de Tlaxcala, verific\u00f3 que las alarmas instaladas en la Colonia la Loma Xicoht\u00e9ncatl funcionen de forma adecuada para inhibir acciones delictivas.<br \/>\nDurante la supervisi\u00f3n que se efectu\u00f3 con miembros del Comit\u00e9 de Seguridad Vecinal y Participaci\u00f3n Ciudadana de la Calle 27 de la Colonia La Loma Xicot\u00e9ncatl, Fragoso Mu\u00f1oz reconoci\u00f3 la uni\u00f3n de los vecinos para concretar acciones de vigilancia ciudadana, que incrementen la cultura de la denuncia y vinculen con mayor eficiencia los operativos de vigilancia y patrullaje.<\/p>\n","protected":false},"author":2,"featured_media":42195,"comment_status":"open","ping_status":"open","sticky":false,"template":"","format":"standard","meta":{"footnotes":""},"categories":[4],"tags":[],"class_list":["post-42194","post","type-post","status-publish","format-standard","has-post-thumbnail","hentry","category-local"],"_links":{"self":[{"href":"https:\/\/www.contextosdigital.com\/index.php?rest_route=\/wp\/v2\/posts\/42194","targetHints":{"allow":["GET"]}}],"collection":[{"href":"https:\/\/www.contextosdigital.com\/index.php?rest_route=\/wp\/v2\/posts"}],"about":[{"href":"https:\/\/www.contextosdigital.com\/index.php?rest_route=\/wp\/v2\/types\/post"}],"author":[{"embeddable":true,"href":"https:\/\/www.contextosdigital.com\/index.php?rest_route=\/wp\/v2\/users\/2"}],"replies":[{"embeddable":true,"href":"https:\/\/www.contextosdigital.com\/index.php?rest_route=%2Fwp%2Fv2%2Fcomments&post=42194"}],"version-history":[{"count":1,"href":"https:\/\/www.contextosdigital.com\/index.php?rest_route=\/wp\/v2\/posts\/42194\/revisions"}],"predecessor-version":[{"id":42196,"href":"https:\/\/www.contextosdigital.com\/index.php?rest_route=\/wp\/v2\/posts\/42194\/revisions\/42196"}],"wp:featuredmedia":[{"embeddable":true,"href":"https:\/\/www.contextosdigital.com\/index.php?rest_route=\/wp\/v2\/media\/42195"}],"wp:attachment":[{"href":"https:\/\/www.contextosdigital.com\/index.php?rest_route=%2Fwp%2Fv2%2Fmedia&parent=42194"}],"wp:term":[{"taxonomy":"category","embeddable":true,"href":"https:\/\/www.contextosdigital.com\/index.php?rest_route=%2Fwp%2Fv2%2Fcategories&post=42194"},{"taxonomy":"post_tag","embeddable":true,"href":"https:\/\/www.contextosdigital.com\/index.php?rest_route=%2Fwp%2Fv2%2Ftags&post=42194"}],"curies":[{"name":"wp","href":"https:\/\/api.w.org\/{rel}","templated":true}]}}