{"id":42191,"date":"2016-02-17T08:59:13","date_gmt":"2016-02-17T13:59:13","guid":{"rendered":"http:\/\/www.contextosdigital.com\/?p=42191"},"modified":"2016-02-17T08:59:13","modified_gmt":"2016-02-17T13:59:13","slug":"apagan-incendio-la-noche-de-martes-en-ixcotla-chiautempan","status":"publish","type":"post","link":"https:\/\/www.contextosdigital.com\/?p=42191","title":{"rendered":"Apagan incendio la noche de martes en Ixcotla, Chiautempan."},"content":{"rendered":"<p>La noche de este martes, vecinos de Guadalupe Ixcotla, a trav\u00e9s de la presidencia de comunidad, hicieron un llamado a autoridades municipales, para atender un incendio que se suscit\u00f3 en un paraje sobre la carretera que colinda con San Pedro Xochiteotla, dado a que se present\u00f3 un humo denso y altas llamaradas de fuego que alcanzaron hasta los dos metros de altura, por lo que elementos de seguridad p\u00fablica y personal de protecci\u00f3n civil y servicios m\u00e9dicos del ayuntamiento chiautempense, quienes conforman un equipo de respuesta inmediata, acudieron con prontitud para atender dicha solicitud.<\/p>\n<p>A su vez, se solicit\u00f3 el apoyo del cuerpo de bomberos del estado, quienes con una pipa de agua llegaron a reforzar el cese de dicho fuego que abarc\u00f3 una dimensi\u00f3n de aproximadamente tres mil metros cuadrados, afortunadamente no se presentaron heridos, reportando despu\u00e9s de unos minutos un saldo blanco.<\/p>\n<p>Se cree que tal incidente fue provocado por un descuido humano al realizar una quema de pastizal, la cual al salirse de control provoc\u00f3 solo un susto entre la poblaci\u00f3n, por lo que autoridades de seguridad p\u00fablica y protecci\u00f3n civil chiautempense, invitan a la ciudadan\u00eda a evitar dichas pr\u00e1cticas ya que adem\u00e1s se encuentran penalizadas por el reglamento de ecolog\u00eda vigente en el municipio.<\/p>\n","protected":false},"excerpt":{"rendered":"<p>La noche de este martes, vecinos de Guadalupe Ixcotla, a trav\u00e9s de la presidencia de comunidad, hicieron un llamado a autoridades municipales, para atender un incendio que se suscit\u00f3 en un paraje sobre la carretera que colinda con San Pedro Xochiteotla, dado a que se present\u00f3 un humo denso y altas llamaradas de fuego que alcanzaron hasta los dos metros de altura, por lo que elementos de seguridad p\u00fablica y personal de protecci\u00f3n civil y servicios m\u00e9dicos del ayuntamiento chiautempense, quienes conforman un equipo de respuesta inmediata, acudieron con prontitud para atender dicha solicitud.<\/p>\n","protected":false},"author":2,"featured_media":42192,"comment_status":"open","ping_status":"open","sticky":false,"template":"","format":"standard","meta":{"footnotes":""},"categories":[4],"tags":[],"class_list":["post-42191","post","type-post","status-publish","format-standard","has-post-thumbnail","hentry","category-local"],"_links":{"self":[{"href":"https:\/\/www.contextosdigital.com\/index.php?rest_route=\/wp\/v2\/posts\/42191","targetHints":{"allow":["GET"]}}],"collection":[{"href":"https:\/\/www.contextosdigital.com\/index.php?rest_route=\/wp\/v2\/posts"}],"about":[{"href":"https:\/\/www.contextosdigital.com\/index.php?rest_route=\/wp\/v2\/types\/post"}],"author":[{"embeddable":true,"href":"https:\/\/www.contextosdigital.com\/index.php?rest_route=\/wp\/v2\/users\/2"}],"replies":[{"embeddable":true,"href":"https:\/\/www.contextosdigital.com\/index.php?rest_route=%2Fwp%2Fv2%2Fcomments&post=42191"}],"version-history":[{"count":1,"href":"https:\/\/www.contextosdigital.com\/index.php?rest_route=\/wp\/v2\/posts\/42191\/revisions"}],"predecessor-version":[{"id":42193,"href":"https:\/\/www.contextosdigital.com\/index.php?rest_route=\/wp\/v2\/posts\/42191\/revisions\/42193"}],"wp:featuredmedia":[{"embeddable":true,"href":"https:\/\/www.contextosdigital.com\/index.php?rest_route=\/wp\/v2\/media\/42192"}],"wp:attachment":[{"href":"https:\/\/www.contextosdigital.com\/index.php?rest_route=%2Fwp%2Fv2%2Fmedia&parent=42191"}],"wp:term":[{"taxonomy":"category","embeddable":true,"href":"https:\/\/www.contextosdigital.com\/index.php?rest_route=%2Fwp%2Fv2%2Fcategories&post=42191"},{"taxonomy":"post_tag","embeddable":true,"href":"https:\/\/www.contextosdigital.com\/index.php?rest_route=%2Fwp%2Fv2%2Ftags&post=42191"}],"curies":[{"name":"wp","href":"https:\/\/api.w.org\/{rel}","templated":true}]}}