{"id":42187,"date":"2016-02-17T08:57:49","date_gmt":"2016-02-17T13:57:49","guid":{"rendered":"http:\/\/www.contextosdigital.com\/?p=42187"},"modified":"2016-02-17T08:57:49","modified_gmt":"2016-02-17T13:57:49","slug":"aprehende-pgje-a-sujeto-acusado-de-violacion-tumultuaria","status":"publish","type":"post","link":"https:\/\/www.contextosdigital.com\/?p=42187","title":{"rendered":"Aprehende PGJE a sujeto acusado de violaci\u00f3n tumultuaria"},"content":{"rendered":"<p>La intervenci\u00f3n oportuna de los oficiales de la Polic\u00eda de Investigaci\u00f3n adscritos a la Procuradur\u00eda General de Justicia del Estado (PGJE) permiti\u00f3 conocer que Alberto Montiel Hern\u00e1ndez, quien acudi\u00f3 a la dependencia a tramitar su Carta de No Antecedentes Penales, contaba con un mandamiento judicial por el delito de violaci\u00f3n tumultuaria, por lo que fue recluido en el Centro de Reinserci\u00f3n Social.<\/p>\n<p>Esta acci\u00f3n se concret\u00f3 a las 13:55 horas del 15 de febrero, cuando el probable responsable acudi\u00f3 a las instalaciones de la dependencia encargada de procurar justicia, espec\u00edficamente al \u00e1rea de expedici\u00f3n de Cartas de No Antecedentes Penales, a fin de tramitar dicho documento.<\/p>\n<p>En ese momento, el personal especializado adscrito a la PGJE ingres\u00f3 sus generales a las bases de datos y constat\u00f3 que quien se identific\u00f3 como Alberto Montiel Hern\u00e1ndez, contaba con un mandamiento judicial por el delito de violaci\u00f3n tumultuaria, dentro del proceso 255\/2000, emitido por el Juez Segundo de lo Penal del Distrito Judicial de S\u00e1nchez Piedras.<\/p>\n<p>Al mismo tiempo, dieron aviso a los oficiales de la Polic\u00eda de Investigaci\u00f3n, quienes corroboraron la informaci\u00f3n; acto seguido, se dirigieron a la salida de la dependencia donde abordaron al probable responsable y le informaron la situaci\u00f3n que prevalec\u00eda en su contra.<\/p>\n<p>Por lo anterior, el hoy indiciado fue capturado y luego de certificarlo medicamente, fue recluido en el Centro de Reinserci\u00f3n Social (Cereso) donde permanecer\u00e1 en prisi\u00f3n mientras contin\u00faan las indagatorias que permitan definir su situaci\u00f3n legal por los hechos que se le acusan.<\/p>\n<p>De acuerdo con la causa penal n\u00famero 255\/2000, se desprende que en agosto de 2000, Alberto Montiel Hern\u00e1ndez y su hermano de nombre Juan, quien fue capturado en 2001 por el mismo delito, aprovecharon el estado de ebriedad en que se encontraba la v\u00edctima y la violaron.<\/p>\n","protected":false},"excerpt":{"rendered":"<p>La intervenci\u00f3n oportuna de los oficiales de la Polic\u00eda de Investigaci\u00f3n adscritos a la Procuradur\u00eda General de Justicia del Estado (PGJE) permiti\u00f3 conocer que Alberto Montiel Hern\u00e1ndez, quien acudi\u00f3 a la dependencia a tramitar su Carta de No Antecedentes Penales, contaba con un mandamiento judicial por el delito de violaci\u00f3n tumultuaria, por lo que fue recluido en el Centro de Reinserci\u00f3n Social.<br \/>\nEsta acci\u00f3n se concret\u00f3 a las 13:55 horas del 15 de febrero, cuando el probable responsable acudi\u00f3 a las instalaciones de la dependencia encargada de procurar justicia, espec\u00edficamente al \u00e1rea de expedici\u00f3n de Cartas de No Antecedentes Penales, a fin de tramitar dicho documento.<\/p>\n","protected":false},"author":2,"featured_media":42189,"comment_status":"open","ping_status":"open","sticky":false,"template":"","format":"standard","meta":{"footnotes":""},"categories":[4],"tags":[],"class_list":["post-42187","post","type-post","status-publish","format-standard","has-post-thumbnail","hentry","category-local"],"_links":{"self":[{"href":"https:\/\/www.contextosdigital.com\/index.php?rest_route=\/wp\/v2\/posts\/42187","targetHints":{"allow":["GET"]}}],"collection":[{"href":"https:\/\/www.contextosdigital.com\/index.php?rest_route=\/wp\/v2\/posts"}],"about":[{"href":"https:\/\/www.contextosdigital.com\/index.php?rest_route=\/wp\/v2\/types\/post"}],"author":[{"embeddable":true,"href":"https:\/\/www.contextosdigital.com\/index.php?rest_route=\/wp\/v2\/users\/2"}],"replies":[{"embeddable":true,"href":"https:\/\/www.contextosdigital.com\/index.php?rest_route=%2Fwp%2Fv2%2Fcomments&post=42187"}],"version-history":[{"count":1,"href":"https:\/\/www.contextosdigital.com\/index.php?rest_route=\/wp\/v2\/posts\/42187\/revisions"}],"predecessor-version":[{"id":42190,"href":"https:\/\/www.contextosdigital.com\/index.php?rest_route=\/wp\/v2\/posts\/42187\/revisions\/42190"}],"wp:featuredmedia":[{"embeddable":true,"href":"https:\/\/www.contextosdigital.com\/index.php?rest_route=\/wp\/v2\/media\/42189"}],"wp:attachment":[{"href":"https:\/\/www.contextosdigital.com\/index.php?rest_route=%2Fwp%2Fv2%2Fmedia&parent=42187"}],"wp:term":[{"taxonomy":"category","embeddable":true,"href":"https:\/\/www.contextosdigital.com\/index.php?rest_route=%2Fwp%2Fv2%2Fcategories&post=42187"},{"taxonomy":"post_tag","embeddable":true,"href":"https:\/\/www.contextosdigital.com\/index.php?rest_route=%2Fwp%2Fv2%2Ftags&post=42187"}],"curies":[{"name":"wp","href":"https:\/\/api.w.org\/{rel}","templated":true}]}}