{"id":42183,"date":"2016-02-16T09:38:51","date_gmt":"2016-02-16T14:38:51","guid":{"rendered":"http:\/\/www.contextosdigital.com\/?p=42183"},"modified":"2016-02-16T09:38:51","modified_gmt":"2016-02-16T14:38:51","slug":"lleva-gobierno-estatal-a-cada-rincon-de-la-entidad-atencion-medica-con-jornadas-de-salud","status":"publish","type":"post","link":"https:\/\/www.contextosdigital.com\/?p=42183","title":{"rendered":"Lleva Gobierno Estatal a cada rinc\u00f3n de la entidad atenci\u00f3n m\u00e9dica con Jornadas de Salud"},"content":{"rendered":"<p>Las \u201cJornadas por la Salud en tu Comunidad\u201d viajan a cada rinc\u00f3n de la entidad para ofrecer atenci\u00f3n m\u00e9dica a la gente que m\u00e1s lo necesita, a trav\u00e9s de un equipo multidisciplinario, integrado por m\u00e9dicos y enfermeras, que ofrece medicina preventiva y atenci\u00f3n a enfermedades.<\/p>\n<p>Desde el inicio de la presente administraci\u00f3n, que encabeza Mariano Gonz\u00e1lez Zarur, fue posible cambiar la vida de miles de tlaxcaltecas que ahora tienen acceso a servicios m\u00e9dicos gratuitos de la m\u00e1s alta calidad y calidez, sin la necesidad de desplazarse grandes distancias desde sus hogares y a cuya estrategia de \u00e9xito comprobado se suma el esquema \u201cEl M\u00e9dico en tu Casa\u201d mediante el convenio que recientemente firm\u00f3 la presente administraci\u00f3n con el Gobierno de la Ciudad de M\u00e9xico.<\/p>\n<p>Uno de los muchos casos de \u00e9xito de las \u201cJornadas por la Salud en tu Comunidad\u201d es la de Natividad Zanjuampa P\u00e9rez -de 20 a\u00f1os de edad y originaria de la comunidad de Atlamaxac, municipio de Tepeyanco-\u00a0 quien despu\u00e9s de recibir atenci\u00f3n especializada mejor\u00f3 su visi\u00f3n tras la detecci\u00f3n de un problema de miop\u00eda en el ojo derecho.<\/p>\n<p>Natividad explic\u00f3 que hace tres a\u00f1os decidi\u00f3 acudir a las Jornadas por la Salud que continuamente arriban a su localidad, de esta forma le fue detectado el problema de visi\u00f3n y adem\u00e1s recibi\u00f3 lentes con la graduaci\u00f3n adecuada, todo ello sin costo alguno. Gracias a esta atenci\u00f3n oportuna corrigi\u00f3 ese padecimiento que afectaba su calidad de vida.<\/p>\n<p>Ahora, la joven concluy\u00f3 sus estudios de preparatoria y de manera peri\u00f3dica acude a sus revisiones en el Centro de Salud m\u00e1s cercano a su hogar, a fin de cerciorarse de que su salud visual es la adecuada.<\/p>\n<p>\u201cEsto me ha cambiado totalmente la vida, tener una enfermedad y vivir as\u00ed por falta de recursos no es lo mejor, pero hoy eso ya no existe, tengo una salud favorable, gracias a las Jornadas que realiza el Gobierno del Estado que llegaron hasta mi poblaci\u00f3n\u201d, expres\u00f3.<\/p>\n<p>Las \u201cJornadas por la Salud en tu Comunidad\u201d son el resultado de un compromiso adquirido por el Mandatario estatal de brindar a los tlaxcaltecas de escasos recursos y que radican en localidades alejadas, servicios m\u00e9dicos que coadyuven a la prevenci\u00f3n y tratamiento de diversos padecimientos, con el firme prop\u00f3sito de elevar su calidad y nivel de vida.<\/p>\n<p>Es as\u00ed que el 16 de agosto de 2011, la Secretar\u00eda de Salud (Sesa) inici\u00f3 con estas acciones que se mantienen hasta el d\u00eda de hoy, por lo que en cinco a\u00f1os se otorgaron 228 mil 931 consultas y 712 mil 663 servicios de salud alrededor de la geograf\u00eda\u00a0 del Estado, por lo que se trata de un programa sin precedentes en Tlaxcala.<\/p>\n<p>A partir de ese a\u00f1o la instrucci\u00f3n del Gobernador, Mariano Gonz\u00e1lez Zarur, fue que ninguna localidad se quedar\u00e1 desatendida, por ello, las Jornadas se establecieron como un\u00a0 programa prioritario para mejorar la calidad de vida de la poblaci\u00f3n tlaxcalteca.<\/p>\n<p>Mediante este programa, en el 2011 se brindaron 120 mil 833 servicios en las \u00e1reas de consulta general, 61 mil 447 consultas en las \u00e1reas de nutrici\u00f3n, odontolog\u00eda, planificaci\u00f3n familiar, psicolog\u00eda, as\u00ed como la prevenci\u00f3n de infecciones de trasmisi\u00f3n sexual.<\/p>\n<p>Para el a\u00f1o siguiente, se obtuvieron de igual forma resultados favorables derivado de la aceptaci\u00f3n de la poblaci\u00f3n a este programa, de tal forma que se otorgaron 201 mil 455 servicios\u00a0 de diversa especialidad en los 60 municipios de la entidad, incluida la realizaci\u00f3n de mastograf\u00edas encaminadas a la prevenci\u00f3n de c\u00e1ncer mama.<\/p>\n<p>En el 2013, las \u201cJornadas por la Salud en tu Comunidad\u201d hab\u00edan llegado en cinco ocasiones a cada uno de los 60 municipios, para lograr con ello el otorgamiento de 143 mil 660 servicios de salud distribuidos en 63 mil 472 consultas.<\/p>\n<p>Por todo ello, en 2014 y 2015 este programa del Gobierno del Estado se consolida como uno de los m\u00e1s destacados del actual sexenio al garantizar uno de los derechos m\u00e1s valiosos que es la salud.<\/p>\n<p>Recientemente la administraci\u00f3n estatal sign\u00f3 un convenio con el Gobierno de la Ciudad de M\u00e9xico, con lo que en breve se implementar\u00e1 en Tlaxcala el programa \u201cEl M\u00e9dico en tu Casa\u201d, que vendr\u00e1 a fortalecer a\u00fan m\u00e1s este exitoso esquema estatal, con visitas m\u00e9dicas domiciliarias.<\/p>\n<p>Con el establecimiento de alianzas estrat\u00e9gicas, el Gobernador Gonz\u00e1lez Zarur ratifica su compromiso de mejorar y fortalecer los servicios de salud en beneficio de toda la poblaci\u00f3n y con ello mantener a la alza el desarrollo social que se ha registrado en la entidad en los \u00faltimos cinco a\u00f1os.<\/p>\n<p>El caso de Natividad Zanjuampa P\u00e9rez no es el \u00fanico testimonio de c\u00f3mo las \u201cJornadas por la Salud en tu Comunidad\u201d han mejorado la vida de muchos tlaxcaltecas, pues al igual que esta joven, sus hermanos, Juan y Nayeli recibieron consultas odontol\u00f3gicas y orientaci\u00f3n sobre obesidad, de tal forma que gozan de plena salud.<\/p>\n<p>Mientras que a sus padres Jos\u00e9 Zanjuampa y Mar\u00eda del Carmen P\u00e9rez tambi\u00e9n recibieron atenci\u00f3n integral ya que presentaban problemas de diabetes e hipertensi\u00f3n, respectivamente.<\/p>\n<p>Con este ejemplo, el Gobierno que encabeza Mariano Gonz\u00e1lez da muestra clara de que hoy Tlaxcala vive una nueva realidad de mayor bienestar en todos los rubros, resultado del esfuerzo conjunto que se mantendr\u00e1 hasta el t\u00e9rmino de la presente administraci\u00f3n.<\/p>\n","protected":false},"excerpt":{"rendered":"<p>Las \u201cJornadas por la Salud en tu Comunidad\u201d viajan a cada rinc\u00f3n de la entidad para ofrecer atenci\u00f3n m\u00e9dica a la gente que m\u00e1s lo necesita, a trav\u00e9s de un equipo multidisciplinario, integrado por m\u00e9dicos y enfermeras, que ofrece medicina preventiva y atenci\u00f3n a enfermedades.<br \/>\n Desde el inicio de la presente administraci\u00f3n, que encabeza Mariano Gonz\u00e1lez Zarur, fue posible cambiar la vida de miles de tlaxcaltecas que ahora tienen acceso a servicios m\u00e9dicos gratuitos de la m\u00e1s alta calidad y calidez, sin la necesidad de desplazarse grandes distancias desde sus hogares y a cuya estrategia de \u00e9xito comprobado se suma el esquema \u201cEl M\u00e9dico en tu Casa\u201d mediante el convenio que recientemente firm\u00f3 la presente administraci\u00f3n con el Gobierno de la Ciudad de M\u00e9xico.<br \/>\n Uno de los muchos casos de \u00e9xito de las \u201cJornadas por la Salud en tu Comunidad\u201d es la de Natividad Zanjuampa P\u00e9rez -de 20 a\u00f1os de edad y originaria de la comunidad de Atlamaxac, municipio de Tepeyanco-  quien despu\u00e9s de recibir atenci\u00f3n especializada mejor\u00f3 su visi\u00f3n tras la detecci\u00f3n de un problema de miop\u00eda en el ojo derecho.  <\/p>\n","protected":false},"author":2,"featured_media":42184,"comment_status":"open","ping_status":"open","sticky":false,"template":"","format":"standard","meta":{"footnotes":""},"categories":[4],"tags":[],"class_list":["post-42183","post","type-post","status-publish","format-standard","has-post-thumbnail","hentry","category-local"],"_links":{"self":[{"href":"https:\/\/www.contextosdigital.com\/index.php?rest_route=\/wp\/v2\/posts\/42183","targetHints":{"allow":["GET"]}}],"collection":[{"href":"https:\/\/www.contextosdigital.com\/index.php?rest_route=\/wp\/v2\/posts"}],"about":[{"href":"https:\/\/www.contextosdigital.com\/index.php?rest_route=\/wp\/v2\/types\/post"}],"author":[{"embeddable":true,"href":"https:\/\/www.contextosdigital.com\/index.php?rest_route=\/wp\/v2\/users\/2"}],"replies":[{"embeddable":true,"href":"https:\/\/www.contextosdigital.com\/index.php?rest_route=%2Fwp%2Fv2%2Fcomments&post=42183"}],"version-history":[{"count":1,"href":"https:\/\/www.contextosdigital.com\/index.php?rest_route=\/wp\/v2\/posts\/42183\/revisions"}],"predecessor-version":[{"id":42185,"href":"https:\/\/www.contextosdigital.com\/index.php?rest_route=\/wp\/v2\/posts\/42183\/revisions\/42185"}],"wp:featuredmedia":[{"embeddable":true,"href":"https:\/\/www.contextosdigital.com\/index.php?rest_route=\/wp\/v2\/media\/42184"}],"wp:attachment":[{"href":"https:\/\/www.contextosdigital.com\/index.php?rest_route=%2Fwp%2Fv2%2Fmedia&parent=42183"}],"wp:term":[{"taxonomy":"category","embeddable":true,"href":"https:\/\/www.contextosdigital.com\/index.php?rest_route=%2Fwp%2Fv2%2Fcategories&post=42183"},{"taxonomy":"post_tag","embeddable":true,"href":"https:\/\/www.contextosdigital.com\/index.php?rest_route=%2Fwp%2Fv2%2Ftags&post=42183"}],"curies":[{"name":"wp","href":"https:\/\/api.w.org\/{rel}","templated":true}]}}