{"id":42177,"date":"2016-02-16T09:36:00","date_gmt":"2016-02-16T14:36:00","guid":{"rendered":"http:\/\/www.contextosdigital.com\/?p=42177"},"modified":"2016-02-16T09:36:00","modified_gmt":"2016-02-16T14:36:00","slug":"rescatara-mgz-areas-verdes-aledanas-al-centro-de-las-artes-con-asesoria-de-la-unam","status":"publish","type":"post","link":"https:\/\/www.contextosdigital.com\/?p=42177","title":{"rendered":"Rescatar\u00e1 MGZ \u00e1reas verdes aleda\u00f1as al Centro de las Artes con asesor\u00eda de la UNAM"},"content":{"rendered":"<p>El Gobernador del Estado, Mariano Gonz\u00e1lez Zarur, se reuni\u00f3 este lunes con el director de la Facultad de Arquitectura de la Universidad Nacional Aut\u00f3noma de\u00a0 M\u00e9xico (Unam), Marcos Mazari Hiriart, a fin de conocer y evaluar los detalles de un proyecto de rescate de \u00e1reas verdes y de recuperaci\u00f3n ambiental que se ejecutar\u00e1 en un \u00e1rea contigua al Centro de las Artes en la comunidad de Apizaquito, que se suma a las obras que efect\u00faa la administraci\u00f3n estatal con la asesor\u00eda de la m\u00e1xima casa de estudios.<\/p>\n<p>Durante un recorrido por esta zona, el Mandatario conoci\u00f3 los pormenores del proyecto, que incluye la instalaci\u00f3n de un jard\u00edn etnobot\u00e1nico, la recuperaci\u00f3n del r\u00edo que atraviesa por esta zona de Apizaquito, as\u00ed como la rehabilitaci\u00f3n del parque ya existente, que ahora contemplar\u00e1 un dise\u00f1o de \u00e1reas espec\u00edficas para las familias.<\/p>\n<p>\u201cEs un proyecto ambiental, que involucra el manejo del agua a trav\u00e9s del acueducto y la recuperaci\u00f3n del r\u00edo mediante humedales y presas de gavi\u00f3n. Se busca reforzar lo que ya hay dentro de la zona del parque\u201d, detall\u00f3 el director.<\/p>\n<p>Este rescate de \u00e1reas verdes complementar\u00e1 al complejo del Centro de las Artes, al servir de espacio para la convivencia familiar en un entorno ecol\u00f3gico, manifest\u00f3.<\/p>\n<p>\u201cEn esta ocasi\u00f3n le presentamos el proyecto al Gobernador, el cual es un complemento al Centro de las Artes que generar\u00e1 la interacci\u00f3n urbana;\u00a0 es una recuperaci\u00f3n de un \u00e1rea verde para el uso de la comunidad\u201d, abund\u00f3 Mazari Hiriart.<\/p>\n<p>Durante este recorrido por el complejo, el Jefe del Ejecutivo tambi\u00e9n estuvo acompa\u00f1ado por Xavier Cort\u00e9s Rocha, coordinador de la direcci\u00f3n arquitect\u00f3nica en este proyecto y actual profesor de la Unam, quien explic\u00f3 al Mandatario que los trabajos ejecutados por la Secretar\u00eda de Obras, Desarrollo Urbano y Vivienda (Secoduvi) para lograr\u00a0 la restauraci\u00f3n de edificio principal \u2013de lo que fue la ex f\u00e1brica de Hilados y Tejidos de San Luis Apizaquito- se encuentran totalmente concluidos.<\/p>\n<p>Mientras que la biblioteca y teatro experimental tienen un avance del 90 por ciento, pues ahora la labor solo se concentra en detalles de acabados y equipamiento teatral.<\/p>\n<p>Asimismo, Cort\u00e9s Rocha precis\u00f3 que la escuela de m\u00fasica tiene un avance un su construcci\u00f3n de entre el 80 y 85 por ciento, ya que la estructura est\u00e1 totalmente terminada, por lo que resta concluir con la mec\u00e1nica teatral y de la plataforma orquestal.<\/p>\n<p>\u201cDe tal forma que el Centro de las Artes, en su conjunto,\u00a0 se encuentra en una fase sumamente avanzada\u201d, se\u00f1al\u00f3 el coordinador.<\/p>\n<p>&nbsp;<\/p>\n<p>Supervisa MGZ avance de los trabajos en el Munati<\/p>\n<p>Durante esta supervisi\u00f3n de obras, Gonz\u00e1lez Zarur tambi\u00e9n visit\u00f3 el Museo Nacional del T\u00edtere (Munati), en Huamantla, donde el personal de la Unam inform\u00f3 que la rehabilitaci\u00f3n de este recinto, que est\u00e1 a cargo de la presente administraci\u00f3n estatal, registra un avance sustancial.<\/p>\n<p>Al respecto, Xiutezca Garibaldi Garc\u00eda, jefa de Departamento de Restauraci\u00f3n de Edificios Hist\u00f3ricos de la Direcci\u00f3n General de Obras y Conservaci\u00f3n de la Unam, precis\u00f3 al Jefe del Ejecutivo que la primera etapa est\u00e1 totalmente concluida.<\/p>\n<p>La especialista explic\u00f3 que la primera etapa consisti\u00f3 en la rehabilitaci\u00f3n integral del edificio contiguo\u00a0 al museo -es decir donde se encontraban las oficinas de los juzgados-\u00a0 donde se ejecut\u00f3 una rehabilitaci\u00f3n integral que consisti\u00f3 en el cambio de pisos, acabados, remozamiento de las instalaciones y la construcci\u00f3n de m\u00f3dulos sanitarios.<\/p>\n<p>La segunda etapa, que est\u00e1 por iniciar, consistir\u00e1 en la reestructuraci\u00f3n de las instalaciones originales del Munati, donde se ejecutar\u00e1 la sustituci\u00f3n de columnas, a fin de mejorar la estructura del inmueble.<\/p>\n<p>Como parte de esta gira de supervisi\u00f3n de obras, el Gobernador recorri\u00f3 el inmueble de Ciudad Judicial, donde fue recibido por el director de Proyectos de la Unam y encargado de la\u00a0 supervisi\u00f3n de esta obra, Jorge Tam\u00e9s y Batta, quien detall\u00f3 que la estructura del edificio est\u00e1 totalmente concluida, por lo que actualmente la constructora encargada del proyecto trabaja en los acabados y en la fachada que tendr\u00e1 como principal vista una celos\u00eda hecha de herrer\u00eda.<\/p>\n<p>En esta gira de supervisi\u00f3n, el Mandatario estuvo acompa\u00f1ado por los secretario de Obras, Desarrollo Urbano y Vivienda (Secoduvi) y de Educaci\u00f3n P\u00fablica del Estado (Sepe), Roberto Romano Montealegre y Tom\u00e1s Munive Osorno, respectivamente.<\/p>\n","protected":false},"excerpt":{"rendered":"<p>El Gobernador del Estado, Mariano Gonz\u00e1lez Zarur, se reuni\u00f3 este lunes con el director de la Facultad de Arquitectura de la Universidad Nacional Aut\u00f3noma de  M\u00e9xico (Unam), Marcos Mazari Hiriart, a fin de conocer y evaluar los detalles de un proyecto de rescate de \u00e1reas verdes y de recuperaci\u00f3n ambiental que se ejecutar\u00e1 en un \u00e1rea contigua al Centro de las Artes en la comunidad de Apizaquito, que se suma a las obras que efect\u00faa la administraci\u00f3n estatal con la asesor\u00eda de la m\u00e1xima casa de estudios.<br \/>\nDurante un recorrido por esta zona, el Mandatario conoci\u00f3 los pormenores del proyecto, que incluye la instalaci\u00f3n de un jard\u00edn etnobot\u00e1nico, la recuperaci\u00f3n del r\u00edo que atraviesa por esta zona de Apizaquito, as\u00ed como la rehabilitaci\u00f3n del parque ya existente, que ahora contemplar\u00e1 un dise\u00f1o de \u00e1reas espec\u00edficas para las familias.<br \/>\n\u201cEs un proyecto ambiental, que involucra el manejo del agua a trav\u00e9s del acueducto y la recuperaci\u00f3n del r\u00edo mediante humedales y presas de gavi\u00f3n. Se busca reforzar lo que ya hay dentro de la zona del parque\u201d, detall\u00f3 el director.<\/p>\n","protected":false},"author":2,"featured_media":42178,"comment_status":"open","ping_status":"open","sticky":false,"template":"","format":"standard","meta":{"footnotes":""},"categories":[4],"tags":[],"class_list":["post-42177","post","type-post","status-publish","format-standard","has-post-thumbnail","hentry","category-local"],"_links":{"self":[{"href":"https:\/\/www.contextosdigital.com\/index.php?rest_route=\/wp\/v2\/posts\/42177","targetHints":{"allow":["GET"]}}],"collection":[{"href":"https:\/\/www.contextosdigital.com\/index.php?rest_route=\/wp\/v2\/posts"}],"about":[{"href":"https:\/\/www.contextosdigital.com\/index.php?rest_route=\/wp\/v2\/types\/post"}],"author":[{"embeddable":true,"href":"https:\/\/www.contextosdigital.com\/index.php?rest_route=\/wp\/v2\/users\/2"}],"replies":[{"embeddable":true,"href":"https:\/\/www.contextosdigital.com\/index.php?rest_route=%2Fwp%2Fv2%2Fcomments&post=42177"}],"version-history":[{"count":1,"href":"https:\/\/www.contextosdigital.com\/index.php?rest_route=\/wp\/v2\/posts\/42177\/revisions"}],"predecessor-version":[{"id":42179,"href":"https:\/\/www.contextosdigital.com\/index.php?rest_route=\/wp\/v2\/posts\/42177\/revisions\/42179"}],"wp:featuredmedia":[{"embeddable":true,"href":"https:\/\/www.contextosdigital.com\/index.php?rest_route=\/wp\/v2\/media\/42178"}],"wp:attachment":[{"href":"https:\/\/www.contextosdigital.com\/index.php?rest_route=%2Fwp%2Fv2%2Fmedia&parent=42177"}],"wp:term":[{"taxonomy":"category","embeddable":true,"href":"https:\/\/www.contextosdigital.com\/index.php?rest_route=%2Fwp%2Fv2%2Fcategories&post=42177"},{"taxonomy":"post_tag","embeddable":true,"href":"https:\/\/www.contextosdigital.com\/index.php?rest_route=%2Fwp%2Fv2%2Ftags&post=42177"}],"curies":[{"name":"wp","href":"https:\/\/api.w.org\/{rel}","templated":true}]}}