{"id":42157,"date":"2016-02-16T09:25:16","date_gmt":"2016-02-16T14:25:16","guid":{"rendered":"http:\/\/www.contextosdigital.com\/?p=42157"},"modified":"2016-02-16T09:25:16","modified_gmt":"2016-02-16T14:25:16","slug":"con-desfile-lectura-del-ahorcado-y-espectaculos-en-vivo-concluye-el-carnaval-chiautempan-2016","status":"publish","type":"post","link":"https:\/\/www.contextosdigital.com\/?p=42157","title":{"rendered":"Con desfile, lectura del ahorcado y espect\u00e1culos en vivo, concluye el Carnaval Chiautempan 2016."},"content":{"rendered":"<p>Con una amplia concurrencia al desfile de carnaval y la celebraci\u00f3n de los 100 a\u00f1os del ahorcado, el pasado domingo 14 de febrero, dieron fin las actividades programadas para el carnaval en Chiautempan para este a\u00f1o; durante la tarde de domingo, la ciudad sarapera se vio envuelta en un ambiente de celebraci\u00f3n, algarab\u00eda y mucho humor, con la presencia en las calles de contingentes de comparsas locales, instituciones educativas, academias de baile y los artistas encargados para el cierre de dicha celebraci\u00f3n.<\/p>\n<p>As\u00ed lo coment\u00f3 Luis Rojas Mu\u00f1oz, presidente del comit\u00e9 de carnaval 2016 en la comuna sarapera, quien adem\u00e1s abund\u00f3 que\u00a0 autoridades locales entre las que destacan el edil Antonio Mendoza Romero, acompa\u00f1ado por la presidenta honor\u00edfica del SMDIF, Carolina Temoltzin Castro, as\u00ed como regidores, la secretaria del ayuntamiento y la reina del Carnaval Chiautempan 2016, Fernanda Daniela Hern\u00e1ndez,\u00a0 presenciaron el vistoso desfile junto a un p\u00fablico de miles de personas que se dieron cita en el Parque Ju\u00e1rez y las principales calles de la ciudad.<\/p>\n<p>Al finalizar el desfile, dieron paso a la ya tradicional lectura del afamado \u201cPapelote\u201d o \u201cAhorcado\u201d que para este 2016 cumpli\u00f3 100 a\u00f1os de su elaboraci\u00f3n. Al llegar la noche, en el escenario del Parque Ju\u00e1rez se cont\u00f3 con la participaci\u00f3n del show de \u201cManolito, el doble de Celia Cruz\u201d, mientras que en el Parque La Paz los asistentes bailaron al ritmo de los grupos musicales \u201cLas Diosas de la Cumbia\u201d y \u201dKira y las indomables\u201d y \u201cLos aquellos\u201d.<\/p>\n<p>Con dichas actividades finaliz\u00f3 el \u201cCarnaval Chiautempan\u201d en su edici\u00f3n 2016, donde se registr\u00f3 una concurrencia de m\u00e1s de 50 mil personas a lo largo de toda la semana de eventos.<\/p>\n","protected":false},"excerpt":{"rendered":"<p>Con una amplia concurrencia al desfile de carnaval y la celebraci\u00f3n de los 100 a\u00f1os del ahorcado, el pasado domingo 14 de febrero, dieron fin las actividades programadas para el carnaval en Chiautempan para este a\u00f1o; durante la tarde de domingo, la ciudad sarapera se vio envuelta en un ambiente de celebraci\u00f3n, algarab\u00eda y mucho humor, con la presencia en las calles de contingentes de comparsas locales, instituciones educativas, academias de baile y los artistas encargados para el cierre de dicha celebraci\u00f3n.<br \/>\nAs\u00ed lo coment\u00f3 Luis Rojas Mu\u00f1oz, presidente del comit\u00e9 de carnaval 2016 en la comuna sarapera, quien adem\u00e1s abund\u00f3 que  autoridades locales entre las que destacan el edil Antonio Mendoza Romero, acompa\u00f1ado por la presidenta honor\u00edfica del SMDIF, Carolina Temoltzin Castro, as\u00ed como regidores, la secretaria del ayuntamiento y la reina del Carnaval Chiautempan 2016, Fernanda Daniela Hern\u00e1ndez,  presenciaron el vistoso desfile<\/p>\n","protected":false},"author":2,"featured_media":42158,"comment_status":"open","ping_status":"open","sticky":false,"template":"","format":"standard","meta":{"footnotes":""},"categories":[4],"tags":[],"class_list":["post-42157","post","type-post","status-publish","format-standard","has-post-thumbnail","hentry","category-local"],"_links":{"self":[{"href":"https:\/\/www.contextosdigital.com\/index.php?rest_route=\/wp\/v2\/posts\/42157","targetHints":{"allow":["GET"]}}],"collection":[{"href":"https:\/\/www.contextosdigital.com\/index.php?rest_route=\/wp\/v2\/posts"}],"about":[{"href":"https:\/\/www.contextosdigital.com\/index.php?rest_route=\/wp\/v2\/types\/post"}],"author":[{"embeddable":true,"href":"https:\/\/www.contextosdigital.com\/index.php?rest_route=\/wp\/v2\/users\/2"}],"replies":[{"embeddable":true,"href":"https:\/\/www.contextosdigital.com\/index.php?rest_route=%2Fwp%2Fv2%2Fcomments&post=42157"}],"version-history":[{"count":1,"href":"https:\/\/www.contextosdigital.com\/index.php?rest_route=\/wp\/v2\/posts\/42157\/revisions"}],"predecessor-version":[{"id":42159,"href":"https:\/\/www.contextosdigital.com\/index.php?rest_route=\/wp\/v2\/posts\/42157\/revisions\/42159"}],"wp:featuredmedia":[{"embeddable":true,"href":"https:\/\/www.contextosdigital.com\/index.php?rest_route=\/wp\/v2\/media\/42158"}],"wp:attachment":[{"href":"https:\/\/www.contextosdigital.com\/index.php?rest_route=%2Fwp%2Fv2%2Fmedia&parent=42157"}],"wp:term":[{"taxonomy":"category","embeddable":true,"href":"https:\/\/www.contextosdigital.com\/index.php?rest_route=%2Fwp%2Fv2%2Fcategories&post=42157"},{"taxonomy":"post_tag","embeddable":true,"href":"https:\/\/www.contextosdigital.com\/index.php?rest_route=%2Fwp%2Fv2%2Ftags&post=42157"}],"curies":[{"name":"wp","href":"https:\/\/api.w.org\/{rel}","templated":true}]}}