{"id":42150,"date":"2016-02-16T09:19:34","date_gmt":"2016-02-16T14:19:34","guid":{"rendered":"http:\/\/www.contextosdigital.com\/?p=42150"},"modified":"2016-02-16T09:19:34","modified_gmt":"2016-02-16T14:19:34","slug":"garantiza-sesa-servicios-medicos-las-24-horas","status":"publish","type":"post","link":"https:\/\/www.contextosdigital.com\/?p=42150","title":{"rendered":"Garantiza SESA servicios m\u00e9dicos las 24 horas"},"content":{"rendered":"<p>El Gobierno del Estado, a trav\u00e9s de la Secretar\u00eda de Salud (Sesa), trabaja\u00a0 por la adecuada operaci\u00f3n de los hospitales y unidades m\u00e9dicas de la entidad, a fin de que la poblaci\u00f3n reciba atenci\u00f3n de calidad y que cumpla con las necesidades de quienes as\u00ed lo requieren.<\/p>\n<p>El director de Servicios de Salud, Samuel Efr\u00e9n Orrico Torres, inform\u00f3 que los hospitales que integran al sector en la entidad cuentan con la plantilla laboral requerida, a fin de brindar servicios de salud de manera puntual y oportuna a todos los tlaxcaltecas, adem\u00e1s del abasto suficiente de medicamentos e insumos para atender las principales enfermedades que aquejan a la poblaci\u00f3n.<\/p>\n<p>El funcionario del sector salud pidi\u00f3 a los tlaxcaltecas tener la certeza de que \u2013en caso de ser necesario- ser\u00e1n atendidos por personal calificado en cualquiera de los 12 hospitales de la Sesa, los cuales brindan servicio las 24 horas del d\u00eda.<\/p>\n<p>Subray\u00f3 que el Gobierno del Estado, que encabeza Mariano Gonz\u00e1lez Zarur, tiene como meta lograr el acceso universal a los servicios de salud, raz\u00f3n por la que los esfuerzos se centran en las unidades de primer y segundo\u00a0 nivel, con el prop\u00f3sito de establecer a la prevenci\u00f3n como elemento fundamental de la pol\u00edtica en la materia.<\/p>\n<p>Explic\u00f3 que, bajo esta visi\u00f3n, los recursos de los programas federales permiten ampliar y mejorar la infraestructura f\u00edsica y de recursos humanos del sector, lo que facilita la integraci\u00f3n efectiva de los tres niveles de atenci\u00f3n.<\/p>\n<p>Adem\u00e1s, enfatiz\u00f3 que se ampl\u00eda la capacidad del Gobierno del Estado para atender la creciente demanda social de los servicios de salud de m\u00e1s de un mill\u00f3n 200 mil tlaxcaltecas, que habitan en los 60 municipios de la entidad.<\/p>\n<p>Finalmente, Orrico Torres subray\u00f3 que los m\u00e9dicos que conforman el sistema de salud de Tlaxcala son pieza fundamental en el desarrollo y cumplimiento de las metas delineadas en esta materia en el Plan Estatal de Desarrollo (PED) 2011-2016, y con su trabajo contribuyen a alcanzar el objetivo de ofrecer servicios de calidad, oportunos y con calidez.<\/p>\n","protected":false},"excerpt":{"rendered":"<p>El Gobierno del Estado, a trav\u00e9s de la Secretar\u00eda de Salud (Sesa), trabaja  por la adecuada operaci\u00f3n de los hospitales y unidades m\u00e9dicas de la entidad, a fin de que la poblaci\u00f3n reciba atenci\u00f3n de calidad y que cumpla con las necesidades de quienes as\u00ed lo requieren.<br \/>\nEl director de Servicios de Salud, Samuel Efr\u00e9n Orrico Torres, inform\u00f3 que los hospitales que integran al sector en la entidad cuentan con la plantilla laboral requerida, a fin de brindar servicios de salud de manera puntual y oportuna a todos los tlaxcaltecas, adem\u00e1s del abasto suficiente de medicamentos e insumos para atender las principales enfermedades que aquejan a la poblaci\u00f3n.<\/p>\n","protected":false},"author":2,"featured_media":0,"comment_status":"open","ping_status":"open","sticky":false,"template":"","format":"standard","meta":{"footnotes":""},"categories":[4],"tags":[],"class_list":["post-42150","post","type-post","status-publish","format-standard","hentry","category-local"],"_links":{"self":[{"href":"https:\/\/www.contextosdigital.com\/index.php?rest_route=\/wp\/v2\/posts\/42150","targetHints":{"allow":["GET"]}}],"collection":[{"href":"https:\/\/www.contextosdigital.com\/index.php?rest_route=\/wp\/v2\/posts"}],"about":[{"href":"https:\/\/www.contextosdigital.com\/index.php?rest_route=\/wp\/v2\/types\/post"}],"author":[{"embeddable":true,"href":"https:\/\/www.contextosdigital.com\/index.php?rest_route=\/wp\/v2\/users\/2"}],"replies":[{"embeddable":true,"href":"https:\/\/www.contextosdigital.com\/index.php?rest_route=%2Fwp%2Fv2%2Fcomments&post=42150"}],"version-history":[{"count":1,"href":"https:\/\/www.contextosdigital.com\/index.php?rest_route=\/wp\/v2\/posts\/42150\/revisions"}],"predecessor-version":[{"id":42151,"href":"https:\/\/www.contextosdigital.com\/index.php?rest_route=\/wp\/v2\/posts\/42150\/revisions\/42151"}],"wp:attachment":[{"href":"https:\/\/www.contextosdigital.com\/index.php?rest_route=%2Fwp%2Fv2%2Fmedia&parent=42150"}],"wp:term":[{"taxonomy":"category","embeddable":true,"href":"https:\/\/www.contextosdigital.com\/index.php?rest_route=%2Fwp%2Fv2%2Fcategories&post=42150"},{"taxonomy":"post_tag","embeddable":true,"href":"https:\/\/www.contextosdigital.com\/index.php?rest_route=%2Fwp%2Fv2%2Ftags&post=42150"}],"curies":[{"name":"wp","href":"https:\/\/api.w.org\/{rel}","templated":true}]}}