{"id":42144,"date":"2016-02-16T09:16:39","date_gmt":"2016-02-16T14:16:39","guid":{"rendered":"http:\/\/www.contextosdigital.com\/?p=42144"},"modified":"2016-02-16T09:16:39","modified_gmt":"2016-02-16T14:16:39","slug":"aprehende-pgje-a-sujeto-acusado-de-violacion-4","status":"publish","type":"post","link":"https:\/\/www.contextosdigital.com\/?p=42144","title":{"rendered":"Aprehende PGJE a sujeto acusado de violaci\u00f3n"},"content":{"rendered":"<p>Resultado del puntual seguimiento a la denuncia interpuesta ante el Agente del Ministerio P\u00fablico adscrito a la Procuradur\u00eda General de Justicia del Estado (PGJE), la Polic\u00eda de Investigaci\u00f3n consum\u00f3 la captura de L\u00e1zaro L\u00f3pez Hern\u00e1ndez, quien contaba con una orden de aprehensi\u00f3n en su contra por el delito de violaci\u00f3n equiparada en agravio de su sobrina.<\/p>\n<p>La orden de b\u00fasqueda y aprehensi\u00f3n se gir\u00f3 dentro del proceso 312\/2014, emitido por el Juez Segundo de lo Penal del Distrito Judicial de S\u00e1nchez Piedras, instruido en contra de L\u00e1zaro L\u00f3pez Hern\u00e1ndez, como probable responsable del delito de violaci\u00f3n equiparada.<\/p>\n<p>Lo anterior, ya que en julio de 2014, la menor agraviada de 10 a\u00f1os de edad, confes\u00f3 a sus padres que desde hace dos a\u00f1os su t\u00edo la viol\u00f3 en diversas ocasiones; asimismo, manifest\u00f3 que su familiar la ten\u00eda amenazada con hacerle da\u00f1o a sus primos si contaba a alguien lo sucedido.<\/p>\n<p>Ante esta\u00a0 situaci\u00f3n, la afectada en compa\u00f1\u00eda de su madre acudieron ante el Agente del Ministerio P\u00fablico Especializado en Delitos de G\u00e9nero y Violencia Intrafamiliar e interpusieron la denuncia correspondiente.<\/p>\n<p>Por lo anterior, el fiscal logr\u00f3 que el Juez de la causa librara el mandamiento judicial correspondiente, con el cual, los oficiales de la Polic\u00eda de Investigaci\u00f3n, se abocaron a las pesquisas competentes, a fin de dar con la ubicaci\u00f3n del probable responsable.<\/p>\n<p>Por ello, y derivado del trabajo de inteligencia, los detectives adscritos a la PGJE obtuvieron indicios sobre el paradero del sujeto, ya que de acuerdo a las investigaciones podr\u00eda ser localizado en el municipio de Apizaco.<\/p>\n<p>Con estos indicios, el 14 de febrero del a\u00f1o en curso, la Polic\u00eda de Investigaci\u00f3n captur\u00f3 a L\u00e1zaro L\u00f3pez Hern\u00e1ndez en la colonia Centro del citado municipio, por lo que fue asegurado y trasladado al Centro de Reinserci\u00f3n\u00a0 Social (Cereso), desde donde enfrentar\u00e1 su proceso legal.<\/p>\n","protected":false},"excerpt":{"rendered":"<p> Resultado del puntual seguimiento a la denuncia interpuesta ante el Agente del Ministerio P\u00fablico adscrito a la Procuradur\u00eda General de Justicia del Estado (PGJE), la Polic\u00eda de Investigaci\u00f3n consum\u00f3 la captura de L\u00e1zaro L\u00f3pez Hern\u00e1ndez, quien contaba con una orden de aprehensi\u00f3n en su contra por el delito de violaci\u00f3n equiparada en agravio de su sobrina.<br \/>\n La orden de b\u00fasqueda y aprehensi\u00f3n se gir\u00f3 dentro del proceso 312\/2014, emitido por el Juez Segundo de lo Penal del Distrito Judicial de S\u00e1nchez Piedras, instruido en contra de L\u00e1zaro L\u00f3pez Hern\u00e1ndez, como probable responsable del delito de violaci\u00f3n equiparada.<\/p>\n","protected":false},"author":2,"featured_media":42145,"comment_status":"open","ping_status":"open","sticky":false,"template":"","format":"standard","meta":{"footnotes":""},"categories":[4],"tags":[],"class_list":["post-42144","post","type-post","status-publish","format-standard","has-post-thumbnail","hentry","category-local"],"_links":{"self":[{"href":"https:\/\/www.contextosdigital.com\/index.php?rest_route=\/wp\/v2\/posts\/42144","targetHints":{"allow":["GET"]}}],"collection":[{"href":"https:\/\/www.contextosdigital.com\/index.php?rest_route=\/wp\/v2\/posts"}],"about":[{"href":"https:\/\/www.contextosdigital.com\/index.php?rest_route=\/wp\/v2\/types\/post"}],"author":[{"embeddable":true,"href":"https:\/\/www.contextosdigital.com\/index.php?rest_route=\/wp\/v2\/users\/2"}],"replies":[{"embeddable":true,"href":"https:\/\/www.contextosdigital.com\/index.php?rest_route=%2Fwp%2Fv2%2Fcomments&post=42144"}],"version-history":[{"count":1,"href":"https:\/\/www.contextosdigital.com\/index.php?rest_route=\/wp\/v2\/posts\/42144\/revisions"}],"predecessor-version":[{"id":42146,"href":"https:\/\/www.contextosdigital.com\/index.php?rest_route=\/wp\/v2\/posts\/42144\/revisions\/42146"}],"wp:featuredmedia":[{"embeddable":true,"href":"https:\/\/www.contextosdigital.com\/index.php?rest_route=\/wp\/v2\/media\/42145"}],"wp:attachment":[{"href":"https:\/\/www.contextosdigital.com\/index.php?rest_route=%2Fwp%2Fv2%2Fmedia&parent=42144"}],"wp:term":[{"taxonomy":"category","embeddable":true,"href":"https:\/\/www.contextosdigital.com\/index.php?rest_route=%2Fwp%2Fv2%2Fcategories&post=42144"},{"taxonomy":"post_tag","embeddable":true,"href":"https:\/\/www.contextosdigital.com\/index.php?rest_route=%2Fwp%2Fv2%2Ftags&post=42144"}],"curies":[{"name":"wp","href":"https:\/\/api.w.org\/{rel}","templated":true}]}}