{"id":42135,"date":"2016-02-15T10:16:58","date_gmt":"2016-02-15T15:16:58","guid":{"rendered":"http:\/\/www.contextosdigital.com\/?p=42135"},"modified":"2016-02-15T10:16:58","modified_gmt":"2016-02-15T15:16:58","slug":"encabeza-mgf-entrega-de-mas-de-120-aparatos-auditivos-en-beneficio-de-tlaxcaltecas-de-escasos-recursos","status":"publish","type":"post","link":"https:\/\/www.contextosdigital.com\/?p=42135","title":{"rendered":"Encabeza MGF entrega de m\u00e1s de 120 aparatos auditivos en beneficio de tlaxcaltecas de escasos recursos"},"content":{"rendered":"<p>La Presidente Honor\u00edfica del Sistema Estatal para el Desarrollo Integral de la Familia (DIF), Mariana Gonz\u00e1lez Foullon, encabez\u00f3 la entrega de m\u00e1s de 120 aparatos auditivos en beneficio de tlaxcaltecas de escasos recursos provenientes de 45 municipios de la entidad.<\/p>\n<p>Lo anterior forma parte del \u201cPrograma de Ayudas Funcionales y Auxiliares Auditivos\u201d, que ejecuta el DIF\u00a0 estatal,\u00a0 a fin de contribuir al bienestar y desarrollo integral\u00a0 en el Estado y con ello cumplir con los objetivos de mejorar la calidad de vida de la poblaci\u00f3n, que es uno de los principales objetivos del Gobernador Mariano Gonz\u00e1lez Zarur.<\/p>\n<p>Durante el evento -celebrado en la Unidad de Rehabilitaci\u00f3n Integral (UBR) de San Mat\u00edas Tepetomatitl\u00e1n, municipio de Apetatitl\u00e1n-\u00a0 la Presidente Honor\u00edfica asegur\u00f3 que el Gobierno del Estado mantiene un compromiso inquebrantable con los tlaxcaltecas en situaci\u00f3n vulnerable, ejemplo de ello es este tipo de acciones que cambian, de manera positiva, la vida de las personas.<\/p>\n<p>Asimismo, Gonz\u00e1lez Foullon resalt\u00f3 que estos apoyos son tambi\u00e9n resultado de los convenios y alianzas que el DIF estatal establece con otras instituciones y organismos, como en este caso con la fundaci\u00f3n Starkey Hearing.<\/p>\n<p>En este sentido, la Presidente enfatiz\u00f3 que estas entregas de aparatos auditivos continuar\u00e1n a lo largo del presente a\u00f1o, pues el objetivo es atender al mayor n\u00famero de tlaxcaltecas posible que realmente requieran de estas ayudas.<\/p>\n<p>&nbsp;<\/p>\n<p>Agradecen beneficiaros apoyo del DIF estatal<\/p>\n<p>Karina Flores, originaria de Tetlatlahuca, detall\u00f3 que gracias a este apoyo del DIF, su hija Nataly Contreras, de 10 a\u00f1os de edad, puede escuchar por primera vez, por lo que su vida cambiar\u00e1 por completo.<\/p>\n<p>\u201cDoy gracias porque me costaba entender a mi hija, y hoy su vida cambiar\u00e1 tanto en casa, como en la escuela\u201d, afirm\u00f3.<\/p>\n<p>Mientras que Manuela D\u00edaz Barranco, de 57 a\u00f1os de edad,\u00a0 originaria Xicohtzinco, afirm\u00f3 que est\u00e1 muy contenta de recibir este aparato funcional, ya que ella presentaba una disminuci\u00f3n de sus capacidades auditivas, lo que aminor\u00f3 su calidad de vida.<\/p>\n<p>\u201cDamos gracias a la licenciada Mariana y al se\u00f1or Gobernador porque tenemos su apoyo\u201d, recalc\u00f3.<\/p>\n<p>En esta ocasi\u00f3n resultaron beneficiadas personas de diversas edades, desde reci\u00e9n nacidos hasta adultos mayores, por lo que el Gobierno del Estado una vez m\u00e1s demuestra su inter\u00e9s por el desarrollo integral de toda la poblaci\u00f3n tlaxcalteca, sin distingo alguno.<\/p>\n","protected":false},"excerpt":{"rendered":"<p>La Presidente Honor\u00edfica del Sistema Estatal para el Desarrollo Integral de la Familia (DIF), Mariana Gonz\u00e1lez Foullon, encabez\u00f3 la entrega de m\u00e1s de 120 aparatos auditivos en beneficio de tlaxcaltecas de escasos recursos provenientes de 45 municipios de la entidad.<br \/>\nLo anterior forma parte del \u201cPrograma de Ayudas Funcionales y Auxiliares Auditivos\u201d, que ejecuta el DIF  estatal,  a fin de contribuir al bienestar y desarrollo integral  en el Estado y con ello cumplir con los objetivos de mejorar la calidad de vida de la poblaci\u00f3n, que es uno de los principales objetivos del Gobernador Mariano Gonz\u00e1lez Zarur.<br \/>\nDurante el evento -celebrado en la Unidad de Rehabilitaci\u00f3n Integral (UBR) de San Mat\u00edas Tepetomatitl\u00e1n, municipio de Apetatitl\u00e1n-  la Presidente Honor\u00edfica asegur\u00f3 que el Gobierno del Estado mantiene un compromiso inquebrantable con los tlaxcaltecas en situaci\u00f3n vulnerable, ejemplo de ello es este tipo de acciones que cambian, de manera positiva, la vida de las personas.<\/p>\n","protected":false},"author":2,"featured_media":42136,"comment_status":"open","ping_status":"open","sticky":false,"template":"","format":"standard","meta":{"footnotes":""},"categories":[4],"tags":[],"class_list":["post-42135","post","type-post","status-publish","format-standard","has-post-thumbnail","hentry","category-local"],"_links":{"self":[{"href":"https:\/\/www.contextosdigital.com\/index.php?rest_route=\/wp\/v2\/posts\/42135","targetHints":{"allow":["GET"]}}],"collection":[{"href":"https:\/\/www.contextosdigital.com\/index.php?rest_route=\/wp\/v2\/posts"}],"about":[{"href":"https:\/\/www.contextosdigital.com\/index.php?rest_route=\/wp\/v2\/types\/post"}],"author":[{"embeddable":true,"href":"https:\/\/www.contextosdigital.com\/index.php?rest_route=\/wp\/v2\/users\/2"}],"replies":[{"embeddable":true,"href":"https:\/\/www.contextosdigital.com\/index.php?rest_route=%2Fwp%2Fv2%2Fcomments&post=42135"}],"version-history":[{"count":1,"href":"https:\/\/www.contextosdigital.com\/index.php?rest_route=\/wp\/v2\/posts\/42135\/revisions"}],"predecessor-version":[{"id":42137,"href":"https:\/\/www.contextosdigital.com\/index.php?rest_route=\/wp\/v2\/posts\/42135\/revisions\/42137"}],"wp:featuredmedia":[{"embeddable":true,"href":"https:\/\/www.contextosdigital.com\/index.php?rest_route=\/wp\/v2\/media\/42136"}],"wp:attachment":[{"href":"https:\/\/www.contextosdigital.com\/index.php?rest_route=%2Fwp%2Fv2%2Fmedia&parent=42135"}],"wp:term":[{"taxonomy":"category","embeddable":true,"href":"https:\/\/www.contextosdigital.com\/index.php?rest_route=%2Fwp%2Fv2%2Fcategories&post=42135"},{"taxonomy":"post_tag","embeddable":true,"href":"https:\/\/www.contextosdigital.com\/index.php?rest_route=%2Fwp%2Fv2%2Ftags&post=42135"}],"curies":[{"name":"wp","href":"https:\/\/api.w.org\/{rel}","templated":true}]}}