{"id":42132,"date":"2016-02-15T10:15:45","date_gmt":"2016-02-15T15:15:45","guid":{"rendered":"http:\/\/www.contextosdigital.com\/?p=42132"},"modified":"2016-02-15T10:15:45","modified_gmt":"2016-02-15T15:15:45","slug":"inauguran-en-harvard-muestra-fotografica-del-colectivo-de-ninas-tlaxcaltecas","status":"publish","type":"post","link":"https:\/\/www.contextosdigital.com\/?p=42132","title":{"rendered":"Inauguran en Harvard muestra fotogr\u00e1fica del colectivo de ni\u00f1as tlaxcaltecas"},"content":{"rendered":"<p>Con el respaldo del Gobierno que encabeza Mariano Gonz\u00e1lez Zarur, este domingo 14 de febrero fue inaugurada en la Universidad de Harvard, en Estados Unidos, la exposici\u00f3n del Colectivo Comunitario de Fotograf\u00eda de Tlaxcala, conformado por ni\u00f1as y j\u00f3venes originarias de San Pablo del Monte.<\/p>\n<p>De tal forma que este proyecto se consolida en el \u00e1mbito de las artes y tambi\u00e9n como un referente en materia social, puesto que logra su cometido de resarcir el tejido social en este municipio, gracias al respaldo del Gobierno de la Rep\u00fablica, a trav\u00e9s de la Secretar\u00eda de Cultura, en coordinaci\u00f3n con la administraci\u00f3n estatal y la asociaci\u00f3n civil \u201cLiderazgo Joven\u201d.<\/p>\n<p>Es as\u00ed como el colectivo de ni\u00f1as fot\u00f3grafas de San Pablo del Monte expondr\u00e1 su trabajo en esta prestigiada casa de estudios en Estados Unidos hasta el pr\u00f3ximo 27 de este mes.<\/p>\n<p>La exposici\u00f3n tiene como tema principal las costumbres y vida cotidiana del entorno en el que se desenvuelven las integrantes de este Colectivo Comunitario de Fotograf\u00eda.<\/p>\n<p>Esta muestra se pudo concretar con la coordinaci\u00f3n entre el Gobierno de Tlaxcala, los representantes de la Facultad de Leyes de la Universidad de Harvard y la Asociaci\u00f3n de Estudiantes Mexicanos en esta instituci\u00f3n.<\/p>\n<p>Cabe destacar que el Colectivo Comunitario de Fotograf\u00eda de Tlaxcala forma parte del programa \u201cM\u00e9xico, Cultura para la Armon\u00eda\u201d, que opera la Secretar\u00eda de Cultura federal en todo el pa\u00eds, que busca regenerar el tejido social de las comunidades semi-rurales.<\/p>\n<p>De este tipo de proyectos en el pa\u00eds, el colectivo tlaxcalteca es el primero en exponer su trabajo en el extranjero, lo cual es muestra del talento de las ni\u00f1as y el \u00e9xito de este programa en la entidad.<\/p>\n<p>De forma paralela, se desarrolla otro proyecto en el municipio de Tenancingo, pero en este caso est\u00e1 enfocado a las artes esc\u00e9nicas.<\/p>\n<p>&nbsp;<\/p>\n","protected":false},"excerpt":{"rendered":"<p>Con el respaldo del Gobierno que encabeza Mariano Gonz\u00e1lez Zarur, este domingo 14 de febrero fue inaugurada en la Universidad de Harvard, en Estados Unidos, la exposici\u00f3n del Colectivo Comunitario de Fotograf\u00eda de Tlaxcala, conformado por ni\u00f1as y j\u00f3venes originarias de San Pablo del Monte.<br \/>\n De tal forma que este proyecto se consolida en el \u00e1mbito de las artes y tambi\u00e9n como un referente en materia social, puesto que logra su cometido de resarcir el tejido social en este municipio, gracias al respaldo del Gobierno de la Rep\u00fablica, a trav\u00e9s de la Secretar\u00eda de Cultura, en coordinaci\u00f3n con la administraci\u00f3n estatal y la asociaci\u00f3n civil \u201cLiderazgo Joven\u201d.<br \/>\n Es as\u00ed como el colectivo de ni\u00f1as fot\u00f3grafas de San Pablo del Monte expondr\u00e1 su trabajo en esta prestigiada casa de estudios en Estados Unidos hasta el pr\u00f3ximo 27 de este mes.<br \/>\n La exposici\u00f3n tiene como tema principal las costumbres y vida cotidiana del entorno en el que se desenvuelven las integrantes de este Colectivo Comunitario de Fotograf\u00eda.<\/p>\n","protected":false},"author":2,"featured_media":42133,"comment_status":"open","ping_status":"open","sticky":false,"template":"","format":"standard","meta":{"footnotes":""},"categories":[4],"tags":[],"class_list":["post-42132","post","type-post","status-publish","format-standard","has-post-thumbnail","hentry","category-local"],"_links":{"self":[{"href":"https:\/\/www.contextosdigital.com\/index.php?rest_route=\/wp\/v2\/posts\/42132","targetHints":{"allow":["GET"]}}],"collection":[{"href":"https:\/\/www.contextosdigital.com\/index.php?rest_route=\/wp\/v2\/posts"}],"about":[{"href":"https:\/\/www.contextosdigital.com\/index.php?rest_route=\/wp\/v2\/types\/post"}],"author":[{"embeddable":true,"href":"https:\/\/www.contextosdigital.com\/index.php?rest_route=\/wp\/v2\/users\/2"}],"replies":[{"embeddable":true,"href":"https:\/\/www.contextosdigital.com\/index.php?rest_route=%2Fwp%2Fv2%2Fcomments&post=42132"}],"version-history":[{"count":1,"href":"https:\/\/www.contextosdigital.com\/index.php?rest_route=\/wp\/v2\/posts\/42132\/revisions"}],"predecessor-version":[{"id":42134,"href":"https:\/\/www.contextosdigital.com\/index.php?rest_route=\/wp\/v2\/posts\/42132\/revisions\/42134"}],"wp:featuredmedia":[{"embeddable":true,"href":"https:\/\/www.contextosdigital.com\/index.php?rest_route=\/wp\/v2\/media\/42133"}],"wp:attachment":[{"href":"https:\/\/www.contextosdigital.com\/index.php?rest_route=%2Fwp%2Fv2%2Fmedia&parent=42132"}],"wp:term":[{"taxonomy":"category","embeddable":true,"href":"https:\/\/www.contextosdigital.com\/index.php?rest_route=%2Fwp%2Fv2%2Fcategories&post=42132"},{"taxonomy":"post_tag","embeddable":true,"href":"https:\/\/www.contextosdigital.com\/index.php?rest_route=%2Fwp%2Fv2%2Ftags&post=42132"}],"curies":[{"name":"wp","href":"https:\/\/api.w.org\/{rel}","templated":true}]}}