{"id":42121,"date":"2016-02-15T10:10:15","date_gmt":"2016-02-15T15:10:15","guid":{"rendered":"http:\/\/www.contextosdigital.com\/?p=42121"},"modified":"2016-02-15T10:10:15","modified_gmt":"2016-02-15T15:10:15","slug":"adquiere-gobierno-del-estado-predio-para-construir-edificio-de-escuelas-primarias-capitalinas","status":"publish","type":"post","link":"https:\/\/www.contextosdigital.com\/?p=42121","title":{"rendered":"Adquiere Gobierno del Estado predio para construir edificio de escuelas primarias capitalinas"},"content":{"rendered":"<p>El Gobierno del Estado adquiri\u00f3 un predio para iniciar la construcci\u00f3n de un nuevo edificio para albergar a las escuelas primarias \u201cLuis G. Salamanca\u201d y \u201cAdolfo L\u00f3pez Mateos\u201d de la ciudad capital.<\/p>\n<p>El director de Educaci\u00f3n Primaria de la Unidad de Servicios Educativos de Tlaxcala (Uset), Rodolfo Su\u00e1rez P\u00e9rez, inform\u00f3 que el predio est\u00e1 ubicado al sur de la ciudad de Tlaxcala y cumple con los lineamientos para la construcci\u00f3n de espacios educativos.<\/p>\n<p>A la vez, el funcionario refiri\u00f3 que derivado de la solicitud de los padres de familia para reubicar a las escuelas, cuyo edificio sufri\u00f3 da\u00f1os estructurales ocasionados por fen\u00f3menos naturales, el Gobierno Estatal determin\u00f3 adquirir un nuevo predio.<\/p>\n<p>En respuesta, los directivos de ambas instituciones se mostraron satisfechos con la ubicaci\u00f3n del terreno para la edificaci\u00f3n del plantel, y agradecieron el inter\u00e9s de la presente administraci\u00f3n estatal por atender las peticiones.<\/p>\n<p>Adem\u00e1s, informaron que se han realizado reuniones con padres de familia de ambos turnos para garantizar que las actividades educativas contin\u00faen y se cumpla el calendario escolar.<\/p>\n<p>\u201cAhora corresponde a la municipalidad dotar los servicios p\u00fablicos para que el Instituto Tlaxcalteca de Infraestructura F\u00edsica Educativa (Itife) inicie los trabajos de construcci\u00f3n\u201d, finaliz\u00f3.<\/p>\n<p>Con lo anterior, el Gobierno del Estado, a trav\u00e9s de la Uset, reitera su compromiso con la ni\u00f1ez al brindar espacios educativos que permitan un desarrollo pleno para la comunidad escolar.<\/p>\n","protected":false},"excerpt":{"rendered":"<p>El Gobierno del Estado adquiri\u00f3 un predio para iniciar la construcci\u00f3n de un nuevo edificio para albergar a las escuelas primarias \u201cLuis G. Salamanca\u201d y \u201cAdolfo L\u00f3pez Mateos\u201d de la ciudad capital.<br \/>\nEl director de Educaci\u00f3n Primaria de la Unidad de Servicios Educativos de Tlaxcala (Uset), Rodolfo Su\u00e1rez P\u00e9rez, inform\u00f3 que el predio est\u00e1 ubicado al sur de la ciudad de Tlaxcala y cumple con los lineamientos para la construcci\u00f3n de espacios educativos.<br \/>\nA la vez, el funcionario refiri\u00f3 que derivado de la solicitud de los padres de familia para reubicar a las escuelas, cuyo edificio sufri\u00f3 da\u00f1os estructurales ocasionados por fen\u00f3menos naturales<\/p>\n","protected":false},"author":2,"featured_media":0,"comment_status":"open","ping_status":"open","sticky":false,"template":"","format":"standard","meta":{"footnotes":""},"categories":[4],"tags":[],"class_list":["post-42121","post","type-post","status-publish","format-standard","hentry","category-local"],"_links":{"self":[{"href":"https:\/\/www.contextosdigital.com\/index.php?rest_route=\/wp\/v2\/posts\/42121","targetHints":{"allow":["GET"]}}],"collection":[{"href":"https:\/\/www.contextosdigital.com\/index.php?rest_route=\/wp\/v2\/posts"}],"about":[{"href":"https:\/\/www.contextosdigital.com\/index.php?rest_route=\/wp\/v2\/types\/post"}],"author":[{"embeddable":true,"href":"https:\/\/www.contextosdigital.com\/index.php?rest_route=\/wp\/v2\/users\/2"}],"replies":[{"embeddable":true,"href":"https:\/\/www.contextosdigital.com\/index.php?rest_route=%2Fwp%2Fv2%2Fcomments&post=42121"}],"version-history":[{"count":1,"href":"https:\/\/www.contextosdigital.com\/index.php?rest_route=\/wp\/v2\/posts\/42121\/revisions"}],"predecessor-version":[{"id":42122,"href":"https:\/\/www.contextosdigital.com\/index.php?rest_route=\/wp\/v2\/posts\/42121\/revisions\/42122"}],"wp:attachment":[{"href":"https:\/\/www.contextosdigital.com\/index.php?rest_route=%2Fwp%2Fv2%2Fmedia&parent=42121"}],"wp:term":[{"taxonomy":"category","embeddable":true,"href":"https:\/\/www.contextosdigital.com\/index.php?rest_route=%2Fwp%2Fv2%2Fcategories&post=42121"},{"taxonomy":"post_tag","embeddable":true,"href":"https:\/\/www.contextosdigital.com\/index.php?rest_route=%2Fwp%2Fv2%2Ftags&post=42121"}],"curies":[{"name":"wp","href":"https:\/\/api.w.org\/{rel}","templated":true}]}}