{"id":42118,"date":"2016-02-15T10:09:16","date_gmt":"2016-02-15T15:09:16","guid":{"rendered":"http:\/\/www.contextosdigital.com\/?p=42118"},"modified":"2016-02-15T10:09:16","modified_gmt":"2016-02-15T15:09:16","slug":"inaugura-escobar-jardinez-comedor-en-jardin-de-ninos-miguel-n-lira","status":"publish","type":"post","link":"https:\/\/www.contextosdigital.com\/?p=42118","title":{"rendered":"Inaugura Escobar Jard\u00ednez comedor en Jard\u00edn de Ni\u00f1os Miguel N. Lira"},"content":{"rendered":"<p>Durante la inauguraci\u00f3n del comedor escolar del Jard\u00edn de Ni\u00f1os, \u201cMiguel N. Lira\u201d, el alcalde capitalino Adolfo Escobar Jard\u00ednez afirm\u00f3 que la educaci\u00f3n de calidad es la mejor inversi\u00f3n que hacen los padres con sus hijos, ya que con ello les aseguran un futuro exitoso.<\/p>\n<p>En el acto que se efectu\u00f3 en las instalaciones del plantel, ubicado en la Privada del Roble de la colonia Loma Bonita, el presidente municipal dijo que la educaci\u00f3n representa un tema fundamental en su administraci\u00f3n, \u201cya que es la columna vertebral del desarrollo del pa\u00eds\u201d.<\/p>\n<p>Ante la algarab\u00eda de los menores, y acompa\u00f1ado de Margarita Nophal Nophal, Jefa del departamento de Preescolar, de la Unidad de Servicios Educativos de Tlaxcala (USET), Escobar Jard\u00ednez expres\u00f3 un reconocimiento al personal docente y administrativo de la instituci\u00f3n por su compromiso con la educaci\u00f3n.<\/p>\n<p>Por su parte, la directora del plantel, Ericka Coca Aguilar, afirm\u00f3 que con la puesta en marcha del comedor infantil se cumple un sue\u00f1o de la comunidad escolar, \u201choy es posible inaugurarlo gracias al esfuerzo y la buena disposici\u00f3n del gobierno municipal que preside Adolfo Escobar\u201d, remarc\u00f3.<\/p>\n<p>En presencia del Secretario del Ayuntamiento, V\u00edctor Briones Loranca, dijo que la educaci\u00f3n es la llave del progreso, y agradeci\u00f3 a las autoridades su compromiso para construir espacios dignos y funcionales.<\/p>\n<p>\u201cMuchos sue\u00f1os del personal docente, padres de familia y alumnado se cristalizan este d\u00eda, al poner en funci\u00f3n este nuevo comedor, ya que una de nuestras prioridades es cubrir las\u00a0 necesidades de los ni\u00f1os, y brindarles un entorno feliz\u201d, sostuvo,<\/p>\n<p>En el acto estuvo presente Sandra Flores Salvador, Presidenta de la Sociedad de Padres de Familia; H\u00e9ctor Mart\u00ednez Zamora, segundo regidor; Nancy Cuahutencos Amieva, Jefa del Departamento de Gesti\u00f3n Social,\u00a0 y Daniel Alejandro Castro M\u00e1rquez, Director de Obras P\u00fablicas y Desarrollo Urbano, entre otros.<\/p>\n","protected":false},"excerpt":{"rendered":"<p>Durante la inauguraci\u00f3n del comedor escolar del Jard\u00edn de Ni\u00f1os, \u201cMiguel N. Lira\u201d, el alcalde capitalino Adolfo Escobar Jard\u00ednez afirm\u00f3 que la educaci\u00f3n de calidad es la mejor inversi\u00f3n que hacen los padres con sus hijos, ya que con ello les aseguran un futuro exitoso.<br \/>\nEn el acto que se efectu\u00f3 en las instalaciones del plantel, ubicado en la Privada del Roble de la colonia Loma Bonita, el presidente municipal dijo que la educaci\u00f3n representa un tema fundamental en su administraci\u00f3n, \u201cya que es la columna vertebral del desarrollo del pa\u00eds\u201d.<\/p>\n","protected":false},"author":2,"featured_media":42119,"comment_status":"open","ping_status":"open","sticky":false,"template":"","format":"standard","meta":{"footnotes":""},"categories":[4],"tags":[],"class_list":["post-42118","post","type-post","status-publish","format-standard","has-post-thumbnail","hentry","category-local"],"_links":{"self":[{"href":"https:\/\/www.contextosdigital.com\/index.php?rest_route=\/wp\/v2\/posts\/42118","targetHints":{"allow":["GET"]}}],"collection":[{"href":"https:\/\/www.contextosdigital.com\/index.php?rest_route=\/wp\/v2\/posts"}],"about":[{"href":"https:\/\/www.contextosdigital.com\/index.php?rest_route=\/wp\/v2\/types\/post"}],"author":[{"embeddable":true,"href":"https:\/\/www.contextosdigital.com\/index.php?rest_route=\/wp\/v2\/users\/2"}],"replies":[{"embeddable":true,"href":"https:\/\/www.contextosdigital.com\/index.php?rest_route=%2Fwp%2Fv2%2Fcomments&post=42118"}],"version-history":[{"count":1,"href":"https:\/\/www.contextosdigital.com\/index.php?rest_route=\/wp\/v2\/posts\/42118\/revisions"}],"predecessor-version":[{"id":42120,"href":"https:\/\/www.contextosdigital.com\/index.php?rest_route=\/wp\/v2\/posts\/42118\/revisions\/42120"}],"wp:featuredmedia":[{"embeddable":true,"href":"https:\/\/www.contextosdigital.com\/index.php?rest_route=\/wp\/v2\/media\/42119"}],"wp:attachment":[{"href":"https:\/\/www.contextosdigital.com\/index.php?rest_route=%2Fwp%2Fv2%2Fmedia&parent=42118"}],"wp:term":[{"taxonomy":"category","embeddable":true,"href":"https:\/\/www.contextosdigital.com\/index.php?rest_route=%2Fwp%2Fv2%2Fcategories&post=42118"},{"taxonomy":"post_tag","embeddable":true,"href":"https:\/\/www.contextosdigital.com\/index.php?rest_route=%2Fwp%2Fv2%2Ftags&post=42118"}],"curies":[{"name":"wp","href":"https:\/\/api.w.org\/{rel}","templated":true}]}}