{"id":42113,"date":"2016-02-15T10:05:21","date_gmt":"2016-02-15T15:05:21","guid":{"rendered":"http:\/\/www.contextosdigital.com\/?p=42113"},"modified":"2016-02-15T10:05:21","modified_gmt":"2016-02-15T15:05:21","slug":"reconocen-en-totolac-a-primeras-mujeres-participantes-en-el-carnaval","status":"publish","type":"post","link":"https:\/\/www.contextosdigital.com\/?p=42113","title":{"rendered":"Reconocen en Totolac a primeras mujeres participantes en el carnaval"},"content":{"rendered":"<p>En medio de j\u00fabilo y algarab\u00eda en la fiesta de los totolatecas, este jueves de carnaval, se reunieron decenas de personas en la Plaza C\u00edvica de los Cuatro Se\u00f1or\u00edos para disfrutar de las actividades programadas, entre ellas, el baile de cuadrillas por parte de camadas de los barrios que comprende la comunidad de San Juan Totolac, la coronaci\u00f3n de reinas, adem\u00e1s del reconocimiento a primeras mujeres participantes en el carnaval y baile popular.<\/p>\n<p>Fueron las camadas Atzinco I, Metecatzi Infantil, Quinatzi y Nieves 1935 quienes destacaran su participaci\u00f3n en la Plaza que se encuentra a los pies del templo de Juan el Bautista a partir de las tres de la tarde del 11 de febrero, para deleitar a los presentes con el baile de las cuadrillas y la madre del cordero conocido popularmente como el baile de la Jota.<\/p>\n<p>Posteriormente, Erasmo Atonal Ortiz presidente municipal de Totolac, hizo notar la presencia de aquellas mujeres que entre los a\u00f1os 50\u00b4s y 60\u2019s, tuvieron sus primeras participaciones en el carnaval, entreg\u00e1ndoles un reconocimiento por aquella historia, tradici\u00f3n y cultura que con el paso de los a\u00f1os fue transformando la composici\u00f3n de las camadas, al dejar de ser \u00fanicamente conformadas por hombres, quienes se disfrazaban algunos de mujeres hacia los a\u00f1os 30\u00b4s donde dio origen el carnaval en Totolac.<\/p>\n<p>Acto seguido, Vladimir Mej\u00eda Macuil Secretario del Ayuntamiento, procedi\u00f3 a coronar a las reinas de carnaval que representan cada una a los barrios de la comunidad. Jazm\u00edn Estrada V\u00e9lez de Atzinco, Brisa Atzel S\u00e1nchez Aguilar de Tepetlapa, Alejandra P\u00e9rez Guevara del barrio Santa Mar\u00eda de las Nieves y Perla Celeste Vargas Mendoza de Zaragoza.<\/p>\n<p>Para finaliza el evento, estuvieron los grupos, Black Power, Nostalgia y los Dukes quien este \u00faltimo abri\u00f3 la pista para que el p\u00fablico presente comenzara a bailar y disfrutar de las festividades que organiza el gobierno municipal dirigido por Atona Ortiz en el marco del Carnaval Totolac 2016.<\/p>\n","protected":false},"excerpt":{"rendered":"<p>En medio de j\u00fabilo y algarab\u00eda en la fiesta de los totolatecas, este jueves de carnaval, se reunieron decenas de personas en la Plaza C\u00edvica de los Cuatro Se\u00f1or\u00edos para disfrutar de las actividades programadas, entre ellas, el baile de cuadrillas por parte de camadas de los barrios que comprende la comunidad de San Juan Totolac, la coronaci\u00f3n de reinas, adem\u00e1s del reconocimiento a primeras mujeres participantes en el carnaval y baile popular.<br \/>\nFueron las camadas Atzinco I, Metecatzi Infantil, Quinatzi y Nieves 1935 quienes destacaran su participaci\u00f3n en la Plaza que se encuentra a los pies del templo de Juan el Bautista a partir de las tres de la tarde del 11 de febrero<\/p>\n","protected":false},"author":2,"featured_media":42114,"comment_status":"open","ping_status":"open","sticky":false,"template":"","format":"standard","meta":{"footnotes":""},"categories":[4],"tags":[],"class_list":["post-42113","post","type-post","status-publish","format-standard","has-post-thumbnail","hentry","category-local"],"_links":{"self":[{"href":"https:\/\/www.contextosdigital.com\/index.php?rest_route=\/wp\/v2\/posts\/42113","targetHints":{"allow":["GET"]}}],"collection":[{"href":"https:\/\/www.contextosdigital.com\/index.php?rest_route=\/wp\/v2\/posts"}],"about":[{"href":"https:\/\/www.contextosdigital.com\/index.php?rest_route=\/wp\/v2\/types\/post"}],"author":[{"embeddable":true,"href":"https:\/\/www.contextosdigital.com\/index.php?rest_route=\/wp\/v2\/users\/2"}],"replies":[{"embeddable":true,"href":"https:\/\/www.contextosdigital.com\/index.php?rest_route=%2Fwp%2Fv2%2Fcomments&post=42113"}],"version-history":[{"count":1,"href":"https:\/\/www.contextosdigital.com\/index.php?rest_route=\/wp\/v2\/posts\/42113\/revisions"}],"predecessor-version":[{"id":42115,"href":"https:\/\/www.contextosdigital.com\/index.php?rest_route=\/wp\/v2\/posts\/42113\/revisions\/42115"}],"wp:featuredmedia":[{"embeddable":true,"href":"https:\/\/www.contextosdigital.com\/index.php?rest_route=\/wp\/v2\/media\/42114"}],"wp:attachment":[{"href":"https:\/\/www.contextosdigital.com\/index.php?rest_route=%2Fwp%2Fv2%2Fmedia&parent=42113"}],"wp:term":[{"taxonomy":"category","embeddable":true,"href":"https:\/\/www.contextosdigital.com\/index.php?rest_route=%2Fwp%2Fv2%2Fcategories&post=42113"},{"taxonomy":"post_tag","embeddable":true,"href":"https:\/\/www.contextosdigital.com\/index.php?rest_route=%2Fwp%2Fv2%2Ftags&post=42113"}],"curies":[{"name":"wp","href":"https:\/\/api.w.org\/{rel}","templated":true}]}}