{"id":42110,"date":"2016-02-15T10:03:42","date_gmt":"2016-02-15T15:03:42","guid":{"rendered":"http:\/\/www.contextosdigital.com\/?p=42110"},"modified":"2016-02-15T10:03:42","modified_gmt":"2016-02-15T15:03:42","slug":"ayuntamiento-de-tlaxcala-y-fundacion-corazon-urbano-rehabilitaran-4-mil-800-metros-cuadrados-de-fachadas-en-ocotlan","status":"publish","type":"post","link":"https:\/\/www.contextosdigital.com\/?p=42110","title":{"rendered":"Ayuntamiento de Tlaxcala y Fundaci\u00f3n Coraz\u00f3n Urbano rehabilitar\u00e1n 4 mil 800 metros cuadrados de fachadas en Ocotl\u00e1n"},"content":{"rendered":"<p>El Ayuntamiento de Tlaxcala, en coordinaci\u00f3n con la Fundaci\u00f3n Coraz\u00f3n Urbano de la empresa Comex, pusieron en marcha el programa \u201cCambio de imagen urbana\u201d, en donde rehabilitar\u00e1n 4 mil 800 metros cuadrados de fachadas en la comunidad de Ocotl\u00e1n.<\/p>\n<p>En el acto de inicio del programa, el Secretario del Ayuntamiento, V\u00edctor Briones Loranca detall\u00f3 que se trata de acciones que permiten embellecer a la ciudad y atender a viviendas que son de escasos recursos, \u201cestos trabajos permitir\u00e1n cambiar la imagen urbana y fortalecer el grado de identidad en las colonias y sus habitantes\u201d, sostuvo.<\/p>\n<p>En presencia de C\u00e9sar Baltazares Ju\u00e1rez, presidente de comunidad de Ocotl\u00e1n y Daniel Alejandro Castro M\u00e1rquez, director de Obras P\u00fablicas y Desarrollo Urbano del ayuntamiento, explic\u00f3 que se utilizar\u00e1n 6 gamas de colores aprobados por el Instituto Nacional de Antropolog\u00eda e Historia (INAH), y las calles beneficiadas son: Morelos, el Centro de Ocotl\u00e1n y la Independencia.<\/p>\n<p>\u201cA trav\u00e9s de este programa apoyamos a las familias de la capital a mejorar las fachadas de sus hogares, con lo que generamos un mejor entorno para ellos, el presidente municipal Adolfo Escobar Jard\u00ednez nos ha instruido para acelerar el paso y extender los beneficios a m\u00e1s poblaciones\u201d, destac\u00f3 el funcionario municipal.<\/p>\n<p>Ante representantes de la Fundaci\u00f3n Coraz\u00f3n Urbano y pobladores, Briones Loranca record\u00f3 que la administraci\u00f3n capitalina ha trabajado de forma constante en los rubros de seguridad p\u00fablica, alumbrado y obras p\u00fablicas, y adelant\u00f3 que en breve se realizar\u00e1 la inauguraci\u00f3n de un espacio deportivo para que los capitalinos practiquen actividades para un sano desarrollo.<\/p>\n","protected":false},"excerpt":{"rendered":"<p>El Ayuntamiento de Tlaxcala, en coordinaci\u00f3n con la Fundaci\u00f3n Coraz\u00f3n Urbano de la empresa Comex, pusieron en marcha el programa \u201cCambio de imagen urbana\u201d, en donde rehabilitar\u00e1n 4 mil 800 metros cuadrados de fachadas en la comunidad de Ocotl\u00e1n.<br \/>\nEn el acto de inicio del programa, el Secretario del Ayuntamiento, V\u00edctor Briones Loranca detall\u00f3 que se trata de acciones que permiten embellecer a la ciudad y atender a viviendas que son de escasos recursos, \u201cestos trabajos permitir\u00e1n cambiar la imagen urbana y fortalecer el grado de identidad en las colonias y sus habitantes\u201d, sostuvo.<\/p>\n","protected":false},"author":2,"featured_media":42111,"comment_status":"open","ping_status":"open","sticky":false,"template":"","format":"standard","meta":{"footnotes":""},"categories":[4],"tags":[],"class_list":["post-42110","post","type-post","status-publish","format-standard","has-post-thumbnail","hentry","category-local"],"_links":{"self":[{"href":"https:\/\/www.contextosdigital.com\/index.php?rest_route=\/wp\/v2\/posts\/42110","targetHints":{"allow":["GET"]}}],"collection":[{"href":"https:\/\/www.contextosdigital.com\/index.php?rest_route=\/wp\/v2\/posts"}],"about":[{"href":"https:\/\/www.contextosdigital.com\/index.php?rest_route=\/wp\/v2\/types\/post"}],"author":[{"embeddable":true,"href":"https:\/\/www.contextosdigital.com\/index.php?rest_route=\/wp\/v2\/users\/2"}],"replies":[{"embeddable":true,"href":"https:\/\/www.contextosdigital.com\/index.php?rest_route=%2Fwp%2Fv2%2Fcomments&post=42110"}],"version-history":[{"count":1,"href":"https:\/\/www.contextosdigital.com\/index.php?rest_route=\/wp\/v2\/posts\/42110\/revisions"}],"predecessor-version":[{"id":42112,"href":"https:\/\/www.contextosdigital.com\/index.php?rest_route=\/wp\/v2\/posts\/42110\/revisions\/42112"}],"wp:featuredmedia":[{"embeddable":true,"href":"https:\/\/www.contextosdigital.com\/index.php?rest_route=\/wp\/v2\/media\/42111"}],"wp:attachment":[{"href":"https:\/\/www.contextosdigital.com\/index.php?rest_route=%2Fwp%2Fv2%2Fmedia&parent=42110"}],"wp:term":[{"taxonomy":"category","embeddable":true,"href":"https:\/\/www.contextosdigital.com\/index.php?rest_route=%2Fwp%2Fv2%2Fcategories&post=42110"},{"taxonomy":"post_tag","embeddable":true,"href":"https:\/\/www.contextosdigital.com\/index.php?rest_route=%2Fwp%2Fv2%2Ftags&post=42110"}],"curies":[{"name":"wp","href":"https:\/\/api.w.org\/{rel}","templated":true}]}}