{"id":40629,"date":"2015-12-09T09:02:40","date_gmt":"2015-12-09T14:02:40","guid":{"rendered":"http:\/\/www.contextosdigital.com\/?p=40629"},"modified":"2015-12-09T09:02:40","modified_gmt":"2015-12-09T14:02:40","slug":"katy-valenzuela-promueve-el-deporte-y-la-salud-de-los-habitantes-de-la-capital","status":"publish","type":"post","link":"https:\/\/www.contextosdigital.com\/?p=40629","title":{"rendered":"Katy Valenzuela promueve el deporte y la salud de los habitantes de la capital."},"content":{"rendered":"<p>Como parte del impulso al deporte y a la salud que promueva el desarrollo integral de los habitantes de la capital, Katy Valenzuela organizo una s\u00faper clase de zumba en la unidad deportiva \u201cBlas Charro Carvajal\u201d.<\/p>\n<p>Las instalaciones que alberga la unidad deportiva \u201cBlas Charro Carvajal\u201d, recibieron a m\u00e1s de 80 participantes entre mujeres y hombres de todas las edades.<\/p>\n<p>El evento dio inicio con la participaci\u00f3n de los instructores Jimmy Pluma Cabrera, Marne Alba Amaro, Arnold David Cervantes P\u00e9rez, Amairany Lascano Padilla, quienes estuvieron a cargo de impartir la clase con movimientos que combinaron pasos de baile tonificando la masa muscular al son de ritmos r\u00e1pidos y lentos, favoreciendo el fortalecimiento de piernas, brazos, abdomen y dem\u00e1s m\u00fasculos del cuerpo,\u00a0 y sobre todo el coraz\u00f3n.<\/p>\n<p>La clase de zumba culmino con la entrega de reconocimientos\u00a0 a los instructores por parte de la s\u00edndico municipal Katy Valenzuela, donde aprovech\u00f3 para agradecer la integraci\u00f3n y la presencia\u00a0 de los asistentes, ya que este tipo de eventos adem\u00e1s del acondicionamiento f\u00edsico, promueven la integraci\u00f3n e interrelaci\u00f3n\u00a0 de vecinos en sana convivencia.<\/p>\n","protected":false},"excerpt":{"rendered":"<p>Como parte del impulso al deporte y a la salud que promueva el desarrollo integral de los habitantes de la capital, Katy Valenzuela organizo una s\u00faper clase de zumba en la unidad deportiva \u201cBlas Charro Carvajal\u201d.<br \/>\nLas instalaciones que alberga la unidad deportiva \u201cBlas Charro Carvajal\u201d, recibieron a m\u00e1s de 80 participantes entre mujeres y hombres de todas las edades.<br \/>\nEl evento dio inicio con la participaci\u00f3n de los instructores Jimmy Pluma Cabrera, Marne Alba Amaro, Arnold David Cervantes P\u00e9rez, Amairany Lascano Padilla, quienes estuvieron a cargo de impartir la clase con movimientos que combinaron pasos de baile tonificando la masa muscular al son de ritmos r\u00e1pidos y lentos<\/p>\n","protected":false},"author":2,"featured_media":40630,"comment_status":"open","ping_status":"open","sticky":false,"template":"","format":"standard","meta":{"footnotes":""},"categories":[4],"tags":[],"class_list":["post-40629","post","type-post","status-publish","format-standard","has-post-thumbnail","hentry","category-local"],"_links":{"self":[{"href":"https:\/\/www.contextosdigital.com\/index.php?rest_route=\/wp\/v2\/posts\/40629","targetHints":{"allow":["GET"]}}],"collection":[{"href":"https:\/\/www.contextosdigital.com\/index.php?rest_route=\/wp\/v2\/posts"}],"about":[{"href":"https:\/\/www.contextosdigital.com\/index.php?rest_route=\/wp\/v2\/types\/post"}],"author":[{"embeddable":true,"href":"https:\/\/www.contextosdigital.com\/index.php?rest_route=\/wp\/v2\/users\/2"}],"replies":[{"embeddable":true,"href":"https:\/\/www.contextosdigital.com\/index.php?rest_route=%2Fwp%2Fv2%2Fcomments&post=40629"}],"version-history":[{"count":1,"href":"https:\/\/www.contextosdigital.com\/index.php?rest_route=\/wp\/v2\/posts\/40629\/revisions"}],"predecessor-version":[{"id":40631,"href":"https:\/\/www.contextosdigital.com\/index.php?rest_route=\/wp\/v2\/posts\/40629\/revisions\/40631"}],"wp:featuredmedia":[{"embeddable":true,"href":"https:\/\/www.contextosdigital.com\/index.php?rest_route=\/wp\/v2\/media\/40630"}],"wp:attachment":[{"href":"https:\/\/www.contextosdigital.com\/index.php?rest_route=%2Fwp%2Fv2%2Fmedia&parent=40629"}],"wp:term":[{"taxonomy":"category","embeddable":true,"href":"https:\/\/www.contextosdigital.com\/index.php?rest_route=%2Fwp%2Fv2%2Fcategories&post=40629"},{"taxonomy":"post_tag","embeddable":true,"href":"https:\/\/www.contextosdigital.com\/index.php?rest_route=%2Fwp%2Fv2%2Ftags&post=40629"}],"curies":[{"name":"wp","href":"https:\/\/api.w.org\/{rel}","templated":true}]}}