{"id":40624,"date":"2015-12-09T08:58:45","date_gmt":"2015-12-09T13:58:45","guid":{"rendered":"http:\/\/www.contextosdigital.com\/?p=40624"},"modified":"2015-12-09T08:58:45","modified_gmt":"2015-12-09T13:58:45","slug":"investiga-pgje-robo-de-vehiculo-con-violencia","status":"publish","type":"post","link":"https:\/\/www.contextosdigital.com\/?p=40624","title":{"rendered":"Investiga PGJE robo de veh\u00edculo con violencia"},"content":{"rendered":"<p>La Procuradur\u00eda General de Justicia del Estado (PGJE) inici\u00f3 la Averiguaci\u00f3n Previa correspondiente, a fin de establecer diferentes l\u00edneas de investigaci\u00f3n que conlleven a la localizaci\u00f3n del o los probables responsables de un robo con violencia de un veh\u00edculo en la comunidad de Ocotl\u00e1n, municipio de Tlaxcala.<\/p>\n<p>Lo anterior, toda vez que una persona del sexo masculino, que se desempe\u00f1a como chofer de la senadora Lorena Cuellar Cisneros, se present\u00f3 ante el Agente del Ministerio P\u00fablico y denunci\u00f3 el robo con violencia de una camioneta Marca Peugeot, tipo Grand Raid, color arena, propiedad de la legisladora.<\/p>\n<p>Del mismo modo, agreg\u00f3 que los hechos ocurrieron aproximadamente a las 20:30 horas del 7 de diciembre, en la comunidad de Ocotl\u00e1n, municipio de Tlaxcala, por lo que tras la denuncia el fiscal recab\u00f3 la declaraci\u00f3n ministerial del afectado. En tanto,\u00a0 el m\u00e9dico legista valor\u00f3 las lesiones provocadas al chofer.<\/p>\n<p>Por lo anterior, los detectives de la PGJE comenzaron las pesquisas correspondientes para conocer la forma cronol\u00f3gica de los hechos. En tanto, diferentes peritos realizaron un rastreo en las zonas del robo y practicaron las diligencias necesarias, a fin de recabar indicios que ayuden a la investigaci\u00f3n.<\/p>\n<p>De esta manera, la ma\u00f1ana del 8 de diciembre, la Polic\u00eda de Investigaci\u00f3n ubic\u00f3 la camioneta en calidad de abandonada en terrenos de labor en el municipio de Tepetitla, por lo que ser\u00e1 puesta a disposici\u00f3n del Representante Social.<\/p>\n<p>La Procuradur\u00eda de Tlaxcala ratifica su compromiso de agotar todos los medios legales y de investigaci\u00f3n correspondientes, a fin de esclarecer el il\u00edcito con estricto apego a derecho.<\/p>\n","protected":false},"excerpt":{"rendered":"<p>La Procuradur\u00eda General de Justicia del Estado (PGJE) inici\u00f3 la Averiguaci\u00f3n Previa correspondiente, a fin de establecer diferentes l\u00edneas de investigaci\u00f3n que conlleven a la localizaci\u00f3n del o los probables responsables de un robo con violencia de un veh\u00edculo en la comunidad de Ocotl\u00e1n, municipio de Tlaxcala.<br \/>\nLo anterior, toda vez que una persona del sexo masculino, que se desempe\u00f1a como chofer de la senadora Lorena Cuellar Cisneros, se present\u00f3 ante el Agente del Ministerio P\u00fablico y denunci\u00f3 el robo con violencia de una camioneta Marca Peugeot, tipo Grand Raid, color arena, propiedad de la legisladora.<\/p>\n","protected":false},"author":2,"featured_media":0,"comment_status":"open","ping_status":"open","sticky":false,"template":"","format":"standard","meta":{"footnotes":""},"categories":[4],"tags":[],"class_list":["post-40624","post","type-post","status-publish","format-standard","hentry","category-local"],"_links":{"self":[{"href":"https:\/\/www.contextosdigital.com\/index.php?rest_route=\/wp\/v2\/posts\/40624","targetHints":{"allow":["GET"]}}],"collection":[{"href":"https:\/\/www.contextosdigital.com\/index.php?rest_route=\/wp\/v2\/posts"}],"about":[{"href":"https:\/\/www.contextosdigital.com\/index.php?rest_route=\/wp\/v2\/types\/post"}],"author":[{"embeddable":true,"href":"https:\/\/www.contextosdigital.com\/index.php?rest_route=\/wp\/v2\/users\/2"}],"replies":[{"embeddable":true,"href":"https:\/\/www.contextosdigital.com\/index.php?rest_route=%2Fwp%2Fv2%2Fcomments&post=40624"}],"version-history":[{"count":1,"href":"https:\/\/www.contextosdigital.com\/index.php?rest_route=\/wp\/v2\/posts\/40624\/revisions"}],"predecessor-version":[{"id":40625,"href":"https:\/\/www.contextosdigital.com\/index.php?rest_route=\/wp\/v2\/posts\/40624\/revisions\/40625"}],"wp:attachment":[{"href":"https:\/\/www.contextosdigital.com\/index.php?rest_route=%2Fwp%2Fv2%2Fmedia&parent=40624"}],"wp:term":[{"taxonomy":"category","embeddable":true,"href":"https:\/\/www.contextosdigital.com\/index.php?rest_route=%2Fwp%2Fv2%2Fcategories&post=40624"},{"taxonomy":"post_tag","embeddable":true,"href":"https:\/\/www.contextosdigital.com\/index.php?rest_route=%2Fwp%2Fv2%2Ftags&post=40624"}],"curies":[{"name":"wp","href":"https:\/\/api.w.org\/{rel}","templated":true}]}}