{"id":40621,"date":"2015-12-09T08:57:41","date_gmt":"2015-12-09T13:57:41","guid":{"rendered":"http:\/\/www.contextosdigital.com\/?p=40621"},"modified":"2015-12-09T08:57:41","modified_gmt":"2015-12-09T13:57:41","slug":"ayuntamiento-de-tlaxcala-recolectara-televisores-por-apagon-analogico","status":"publish","type":"post","link":"https:\/\/www.contextosdigital.com\/?p=40621","title":{"rendered":"Ayuntamiento de Tlaxcala recolectar\u00e1 televisores por \u2018apag\u00f3n anal\u00f3gico\u2019"},"content":{"rendered":"<p>Del 8 de diciembre al 10 de marzo, el Ayuntamiento de Tlaxcala efectuar\u00e1 la campa\u00f1a de acopio de televisores anal\u00f3gicos, como parte del apag\u00f3n de estos aparatos que se efectuar\u00e1 a nivel nacional el pr\u00f3ximo 31 de diciembre.<\/p>\n<p>Alfonzo Huerta Hern\u00e1ndez, director de Ecolog\u00eda y Medio Ambiente municipal, explic\u00f3 que dicha acci\u00f3n se lleva a cabo en coordinaci\u00f3n con la Secretar\u00eda de Medio Ambiente y Recursos Naturales (SEMARNAT), y \u201cTlaxcala es el primer municipio del estado en emprender esta campa\u00f1a\u201d.<\/p>\n<p>Dijo que los ciudadanos podr\u00e1n llevar sus televisores a las instalaciones de la Unidad Deportiva Blas Charro Carvajal, ubicada en la calle 8 esquina con calle 23 en la colonia \u201cLoma Xicoht\u00e9ncatl\u201d, los d\u00edas martes, mi\u00e9rcoles y jueves, de 10:00 a 14:00 horas.<\/p>\n<p>Sostuvo que los televisores anal\u00f3gicos est\u00e1n integrados por componentes que contienen plomo, mercurio y cadmio, entre otros, los cuales pueden contaminar el medio ambiente y afectar la salud de las personas, si no son manejados y confinados adecuadamente.<\/p>\n<p>Huerta Hern\u00e1ndez, refiri\u00f3 que la transici\u00f3n a la televisi\u00f3n digital terrestre (TDT) tiene como objetivo central el usuario, ya que dicho proceso garantiza un acceso m\u00e1s equitativo a los servicios de radiodifusi\u00f3n, \u201cla TDT incide de forma directa en la calidad de audio y v\u00eddeo, y la posibilidad de acceder a servicios en l\u00ednea\u201d, a\u00f1adi\u00f3.<\/p>\n<p>Cabe mencionar que el Programa Nacional para la Gesti\u00f3n Integral de los televisores desechados, por la transici\u00f3n a la Televisi\u00f3n Digital Terrestre establece las estrategias para que, en coordinaci\u00f3n con las entidades federativas y los municipios, se informe e incentive a la poblaci\u00f3n a entregar sus televisores anal\u00f3gicos a los centros de acopio establecidos a fin de que se desechen adecuadamente.<\/p>\n","protected":false},"excerpt":{"rendered":"<p>Del 8 de diciembre al 10 de marzo, el Ayuntamiento de Tlaxcala efectuar\u00e1 la campa\u00f1a de acopio de televisores anal\u00f3gicos, como parte del apag\u00f3n de estos aparatos que se efectuar\u00e1 a nivel nacional el pr\u00f3ximo 31 de diciembre.<br \/>\nAlfonzo Huerta Hern\u00e1ndez, director de Ecolog\u00eda y Medio Ambiente municipal, explic\u00f3 que dicha acci\u00f3n se lleva a cabo en coordinaci\u00f3n con la Secretar\u00eda de Medio Ambiente y Recursos Naturales (SEMARNAT), y \u201cTlaxcala es el primer municipio del estado en emprender esta campa\u00f1a\u201d.<\/p>\n","protected":false},"author":2,"featured_media":40622,"comment_status":"open","ping_status":"open","sticky":false,"template":"","format":"standard","meta":{"footnotes":""},"categories":[4],"tags":[],"class_list":["post-40621","post","type-post","status-publish","format-standard","has-post-thumbnail","hentry","category-local"],"_links":{"self":[{"href":"https:\/\/www.contextosdigital.com\/index.php?rest_route=\/wp\/v2\/posts\/40621","targetHints":{"allow":["GET"]}}],"collection":[{"href":"https:\/\/www.contextosdigital.com\/index.php?rest_route=\/wp\/v2\/posts"}],"about":[{"href":"https:\/\/www.contextosdigital.com\/index.php?rest_route=\/wp\/v2\/types\/post"}],"author":[{"embeddable":true,"href":"https:\/\/www.contextosdigital.com\/index.php?rest_route=\/wp\/v2\/users\/2"}],"replies":[{"embeddable":true,"href":"https:\/\/www.contextosdigital.com\/index.php?rest_route=%2Fwp%2Fv2%2Fcomments&post=40621"}],"version-history":[{"count":1,"href":"https:\/\/www.contextosdigital.com\/index.php?rest_route=\/wp\/v2\/posts\/40621\/revisions"}],"predecessor-version":[{"id":40623,"href":"https:\/\/www.contextosdigital.com\/index.php?rest_route=\/wp\/v2\/posts\/40621\/revisions\/40623"}],"wp:featuredmedia":[{"embeddable":true,"href":"https:\/\/www.contextosdigital.com\/index.php?rest_route=\/wp\/v2\/media\/40622"}],"wp:attachment":[{"href":"https:\/\/www.contextosdigital.com\/index.php?rest_route=%2Fwp%2Fv2%2Fmedia&parent=40621"}],"wp:term":[{"taxonomy":"category","embeddable":true,"href":"https:\/\/www.contextosdigital.com\/index.php?rest_route=%2Fwp%2Fv2%2Fcategories&post=40621"},{"taxonomy":"post_tag","embeddable":true,"href":"https:\/\/www.contextosdigital.com\/index.php?rest_route=%2Fwp%2Fv2%2Ftags&post=40621"}],"curies":[{"name":"wp","href":"https:\/\/api.w.org\/{rel}","templated":true}]}}