{"id":40614,"date":"2015-12-08T09:18:51","date_gmt":"2015-12-08T14:18:51","guid":{"rendered":"http:\/\/www.contextosdigital.com\/?p=40614"},"modified":"2015-12-09T09:20:16","modified_gmt":"2015-12-09T14:20:16","slug":"entrega-mgz-253-apoyos-a-beneficiarios-del-programa-pesa","status":"publish","type":"post","link":"https:\/\/www.contextosdigital.com\/?p=40614","title":{"rendered":"Entrega MGZ 253 apoyos a beneficiarios del programa PESA"},"content":{"rendered":"<p>Al afirmar que hoy el campo tlaxcalteca est\u00e1 mejor que antes, el Jefe del Ejecutivo estatal, Mariano Gonz\u00e1lez Zarur, entreg\u00f3 este lunes apoyos del Programa de Seguridad Alimentaria (Pesa), que ejecutan en coordinaci\u00f3n su administraci\u00f3n y el Gobierno federal, acto en el que otorg\u00f3 253 implementos agr\u00edcolas en beneficio de igual n\u00famero de familias de zonas marginadas.<\/p>\n<p>Durante el evento, celebrado en el auditorio municipal de Ixtacuixtla, el Gobernador asever\u00f3 que el principal compromiso, desde el inicio de su\u00a0 administraci\u00f3n, fue mejorar las condiciones del campo tlaxcalteca, a fin de que las familias dedicadas a esta actividad puedan\u00a0 tener una mejor calidad de vida, es por ello que se ponen en marcha este tipo de programas que verdaderamente atienden las necesidades del sector.<\/p>\n<p>\u201cAl inicio del Gobierno que encabeza su amigo, Mariano Gonz\u00e1lez Zarur, el compromiso fue darle una nueva cara al campo tlaxcalteca para que fuera m\u00e1s productivo, m\u00e1s pr\u00f3spero, pero sobre todo, m\u00e1s sustentable\u201d, enfatiz\u00f3.<\/p>\n<p>En este sentido, el Mandatario detall\u00f3 que este apoyo que su administraci\u00f3n ha dado al sector primario se traduce en la capacitaci\u00f3n otorgada a los hombres y mujeres de campo, a fin de que mejoren su desempe\u00f1o. Tambi\u00e9n en el subsidio a fertilizantes y semillas, a lo que se suma la entrega de equipos para la producci\u00f3n.<\/p>\n<p>\u201cCon todas estas acciones transformamos al campo en el Estado\u201d, recalc\u00f3.<\/p>\n<p>Asimismo, el Gobernador resalt\u00f3 que uno de los programas enfocados al sector agropecuario de mayor \u00e9xito en estos cinco a\u00f1os de su administraci\u00f3n es precisamente el Pesa, que se ejecuta gracias al trabajo conjunto entre la Secretar\u00eda de Fomento Agropecuario (Sefoa), la Secretar\u00eda de Agricultura, Ganader\u00eda, Desarrollo rural, Pesca y Alimentaci\u00f3n (Sagarpa) y la Organizaci\u00f3n de las Naciones Unidas para la Alimentaci\u00f3n y\u00a0 la Agricultura (FAO)<\/p>\n<p>Ya que \u2013explic\u00f3-\u00a0 su principal virtud es que no es un proyecto asistencialista, si no que da las herramientas para que la poblaci\u00f3n rural en las zonas de alta marginaci\u00f3n desarrollen sus capacidades.<\/p>\n<p>\u201cDe esta forma, los beneficiarios de Pesa pueden generar sus propios medios de subsistencia y tambi\u00e9n un excedente que pueda comercializarse para que de esta forma se disminuya poco a poco la pobreza en la zona rural\u201d, mencion\u00f3.<\/p>\n<p>En este sentido, el Mandatario detall\u00f3 que desde el 2011, el Pesa ha permitido el apoyo a las comunidades mediante la asistencia t\u00e9cnica, equipo y material vegetativo, con lo que en cinco a\u00f1os se ha beneficiado a cuatro mil familias de 123 comunidades pertenecientes a 22 municipios de la entidad.<\/p>\n<p>Mariano Gonz\u00e1lez hizo hincapi\u00e9 en que gracias a este y otros programas implementados por su Gobierno, Tlaxcala se coloc\u00f3 durante el primer semestre de este a\u00f1o como la tercera entidad con mayor dinamismo en el sector primario, al crecer un 15.8 por ciento, muy por arriba del 4.5 por ciento del promedio nacional.<\/p>\n<p>\u201cLos resultados est\u00e1n a la vista y gracias al apoyo del Presidente, Enrique Pe\u00f1a Nieto, Tlaxcala est\u00e1 viviendo una nueva realidad y ustedes amigos productores son testigos de ello\u201d, puntualiz\u00f3 el Gobernador.<\/p>\n<p>Por su parte, el delegado de la Sagarpa, Jaime Garza Elizondo, hizo un reconocimiento al Mandatario estatal, pues se\u00f1al\u00f3 que gracias a su trabajo de gesti\u00f3n ante la administraci\u00f3n federal, en 2011 el programa Pesa comenz\u00f3 a implementarse en Tlaxcala, y desde entonces se han obtenido resultados favorables en beneficio de los productores que realmente requieren de los apoyos.<\/p>\n<p>Tambi\u00e9n subray\u00f3 la buena coordinaci\u00f3n existente entre la delegaci\u00f3n de la Sagarpa y la Sefoa, lo que ha permitido que los beneficios del Pesa lleguen a los rincones de la entidad que necesitan de este tipo de atenci\u00f3n.<\/p>\n<p>En este evento tambi\u00e9n estuvo presente el alcalde de Ixtacuixtla, Tom\u00e1s V\u00e1zquez V\u00e1zquez, quien agradeci\u00f3 al Gobernador el apoyo que\u00a0 desde el inicio de su sexenio ha brindado al sector agropecuario y que hoy se traduce en una mejor calidad de vida para los hombres y mujeres de campo, opin\u00f3.<\/p>\n<p>\u201cTlaxcala est\u00e1 viviendo una nueva realidad donde con el apoyo decidido del Gobernador, Mariano Gonz\u00e1lez Zarur, se observa el progreso en todas las vertientes;\u00a0 gracias la gesti\u00f3n y adecuada administraci\u00f3n de los recursos, por ello el sector agropecuario presenta un desarrollo sin precedentes\u201d, expres\u00f3 el alcalde.<\/p>\n<p>A nombre de los beneficiarios, Tomasa Reyes Mu\u00f1oz \u2013originaria de Contla de Juan Cuamatzi- agradeci\u00f3 a los Gobiernos estatal y federal por este programa que le ha cambiado la vida, dijo.<\/p>\n<p>Pues detall\u00f3 que ella recibi\u00f3 el apoyo para la construcci\u00f3n de un invernadero, con lo que ahora produce sus propios alimentos y por ende tiene una mejor alimentaci\u00f3n y una fuente de ingresos.<\/p>\n<p>Cabe mencionar que en esta ocasi\u00f3n se entregaron 253 equipos para el campo, entre sembradoras, fertilizadoras, picadoras de forraje, orde\u00f1adoras, desbrozadoras, aspersores motorizadas, entre otros implementos.<\/p>\n<p>Adem\u00e1s de los beneficiarios, a esta entrega acudi\u00f3 el titular de la Sefoa, Ricardo Lepe Garc\u00eda y el director regional de la Unidad T\u00e9cnica Nacional de la\u00a0 FAO, Ignacio S\u00e1nchez.<\/p>\n","protected":false},"excerpt":{"rendered":"<p>Al afirmar que hoy el campo tlaxcalteca est\u00e1 mejor que antes, el Jefe del Ejecutivo estatal, Mariano Gonz\u00e1lez Zarur, entreg\u00f3 este lunes apoyos del Programa de Seguridad Alimentaria (Pesa), que ejecutan en coordinaci\u00f3n su administraci\u00f3n y el Gobierno federal, acto en el que otorg\u00f3 253 implementos agr\u00edcolas en beneficio de igual n\u00famero de familias de zonas marginadas.<br \/>\nDurante el evento, celebrado en el auditorio municipal de Ixtacuixtla, el Gobernador asever\u00f3 que el principal compromiso, desde el inicio de su  administraci\u00f3n, fue mejorar las condiciones del campo tlaxcalteca, <\/p>\n","protected":false},"author":2,"featured_media":40615,"comment_status":"open","ping_status":"open","sticky":false,"template":"","format":"standard","meta":{"footnotes":""},"categories":[4],"tags":[],"class_list":["post-40614","post","type-post","status-publish","format-standard","has-post-thumbnail","hentry","category-local"],"_links":{"self":[{"href":"https:\/\/www.contextosdigital.com\/index.php?rest_route=\/wp\/v2\/posts\/40614","targetHints":{"allow":["GET"]}}],"collection":[{"href":"https:\/\/www.contextosdigital.com\/index.php?rest_route=\/wp\/v2\/posts"}],"about":[{"href":"https:\/\/www.contextosdigital.com\/index.php?rest_route=\/wp\/v2\/types\/post"}],"author":[{"embeddable":true,"href":"https:\/\/www.contextosdigital.com\/index.php?rest_route=\/wp\/v2\/users\/2"}],"replies":[{"embeddable":true,"href":"https:\/\/www.contextosdigital.com\/index.php?rest_route=%2Fwp%2Fv2%2Fcomments&post=40614"}],"version-history":[{"count":2,"href":"https:\/\/www.contextosdigital.com\/index.php?rest_route=\/wp\/v2\/posts\/40614\/revisions"}],"predecessor-version":[{"id":40655,"href":"https:\/\/www.contextosdigital.com\/index.php?rest_route=\/wp\/v2\/posts\/40614\/revisions\/40655"}],"wp:featuredmedia":[{"embeddable":true,"href":"https:\/\/www.contextosdigital.com\/index.php?rest_route=\/wp\/v2\/media\/40615"}],"wp:attachment":[{"href":"https:\/\/www.contextosdigital.com\/index.php?rest_route=%2Fwp%2Fv2%2Fmedia&parent=40614"}],"wp:term":[{"taxonomy":"category","embeddable":true,"href":"https:\/\/www.contextosdigital.com\/index.php?rest_route=%2Fwp%2Fv2%2Fcategories&post=40614"},{"taxonomy":"post_tag","embeddable":true,"href":"https:\/\/www.contextosdigital.com\/index.php?rest_route=%2Fwp%2Fv2%2Ftags&post=40614"}],"curies":[{"name":"wp","href":"https:\/\/api.w.org\/{rel}","templated":true}]}}