{"id":40611,"date":"2015-12-08T09:17:28","date_gmt":"2015-12-08T14:17:28","guid":{"rendered":"http:\/\/www.contextosdigital.com\/?p=40611"},"modified":"2015-12-09T09:21:30","modified_gmt":"2015-12-09T14:21:30","slug":"llevo-a-cabo-cijurep-de-la-uat-2do-foro-de-actualizacion-en-derecho-y-administracion-publica","status":"publish","type":"post","link":"https:\/\/www.contextosdigital.com\/?p=40611","title":{"rendered":"Llev\u00f3 a cabo CIJUREP de la UAT 2do. Foro de Actualizaci\u00f3n en Derecho y Administraci\u00f3n P\u00fablica"},"content":{"rendered":"<p>Para generar un espacio de discusi\u00f3n y an\u00e1lisis en el que se presenten los avances cient\u00edficos en materia jur\u00eddica y administrativa, as\u00ed como propiciar la participaci\u00f3n de los estudiantes de posgrado, el Centro de Investigaciones Jur\u00eddico-Pol\u00edticas (CIJUREP), de la Universidad Aut\u00f3noma de Tlaxcala (UAT), llev\u00f3 a cabo el 2do. Foro de Actualizaci\u00f3n en Derecho y Administraci\u00f3n P\u00fablica, en el auditorio \u201cJos\u00e9 de Jes\u00fas Gudi\u00f1o Pelayo\u201d.<\/p>\n<p>Ante estudiantes y asistentes interesados en esta tem\u00e1tica, la Mtra. Marla Daniela Rivera Moya, Secretaria Acad\u00e9mica del Centro de Investigaciones Jur\u00eddico-Pol\u00edticas, en representaci\u00f3n del Dr. Jos\u00e9 Luis Soberanes Fern\u00e1ndez, Coordinador General del CIJUREP, se\u00f1al\u00f3 que este tipo de eventos fortalecen dos aspectos importantes; uno de ellos es el relacionado con la reflexi\u00f3n sobre temas trascendentales del Derecho y la Administraci\u00f3n P\u00fablica que impactan en la vida diaria de la sociedad, y el segundo, tiene que ver con la adquisici\u00f3n y exposici\u00f3n de los conocimientos generados por los estudiantes de Maestr\u00eda y Doctorado en estas dos disciplinas.<\/p>\n<p>Dijo que este foro coadyuvar\u00e1 tambi\u00e9n a la construcci\u00f3n de nuevas directrices acad\u00e9micas y de investigaci\u00f3n, ya que en estos momentos ambas disciplinas est\u00e1n sufriendo una serie de transformaciones debido a las reformas actuales, y se requiere de un ejercicio de reflexi\u00f3n importante. Refrend\u00f3 que esta actividad representa una oportunidad para que los alumnos de posgrado den a conocer sus experiencias y proyectos que desarrollan durante su formaci\u00f3n acad\u00e9mica.<\/p>\n<p>Como parte de este 2do. Foro de Actualizaci\u00f3n en Derecho y Administraci\u00f3n P\u00fablica se realizaron paneles de an\u00e1lisis, donde se abordaron temas como: \u201cDerecho Penal Contradictorio Adversarial\u201d, \u201cAdministraci\u00f3n P\u00fablica, Fiscalizaci\u00f3n, Transparencia y Rendici\u00f3n de Cuentas\u201d, y \u201cDerecho Constitucional\u00a0 y Procesal Constitucional\u201d.<\/p>\n<p>La primera mesa de trabajo estuvo moderada por el Dr. Germ\u00e1n Garc\u00eda Montealegre, catedr\u00e1tico del posgrado del CIJUREP, en la cual se desarroll\u00f3 el tema \u201cSistema Acusatorio Adversarial\u201d, en la que participaron el Dr. Jos\u00e9 Zamora Grant, el Dr. Rafael S\u00e1nchez V\u00e1zquez, y el Dr. Genaro Tenorio Tagle.<\/p>\n","protected":false},"excerpt":{"rendered":"<p>Para generar un espacio de discusi\u00f3n y an\u00e1lisis en el que se presenten los avances cient\u00edficos en materia jur\u00eddica y administrativa, as\u00ed como propiciar la participaci\u00f3n de los estudiantes de posgrado, el Centro de Investigaciones Jur\u00eddico-Pol\u00edticas (CIJUREP), de la Universidad Aut\u00f3noma de Tlaxcala (UAT), llev\u00f3 a cabo el 2do. Foro de Actualizaci\u00f3n en Derecho y Administraci\u00f3n P\u00fablica, en el auditorio \u201cJos\u00e9 de Jes\u00fas Gudi\u00f1o Pelayo\u201d.<\/p>\n","protected":false},"author":2,"featured_media":40612,"comment_status":"open","ping_status":"open","sticky":false,"template":"","format":"standard","meta":{"footnotes":""},"categories":[4],"tags":[],"class_list":["post-40611","post","type-post","status-publish","format-standard","has-post-thumbnail","hentry","category-local"],"_links":{"self":[{"href":"https:\/\/www.contextosdigital.com\/index.php?rest_route=\/wp\/v2\/posts\/40611","targetHints":{"allow":["GET"]}}],"collection":[{"href":"https:\/\/www.contextosdigital.com\/index.php?rest_route=\/wp\/v2\/posts"}],"about":[{"href":"https:\/\/www.contextosdigital.com\/index.php?rest_route=\/wp\/v2\/types\/post"}],"author":[{"embeddable":true,"href":"https:\/\/www.contextosdigital.com\/index.php?rest_route=\/wp\/v2\/users\/2"}],"replies":[{"embeddable":true,"href":"https:\/\/www.contextosdigital.com\/index.php?rest_route=%2Fwp%2Fv2%2Fcomments&post=40611"}],"version-history":[{"count":2,"href":"https:\/\/www.contextosdigital.com\/index.php?rest_route=\/wp\/v2\/posts\/40611\/revisions"}],"predecessor-version":[{"id":40656,"href":"https:\/\/www.contextosdigital.com\/index.php?rest_route=\/wp\/v2\/posts\/40611\/revisions\/40656"}],"wp:featuredmedia":[{"embeddable":true,"href":"https:\/\/www.contextosdigital.com\/index.php?rest_route=\/wp\/v2\/media\/40612"}],"wp:attachment":[{"href":"https:\/\/www.contextosdigital.com\/index.php?rest_route=%2Fwp%2Fv2%2Fmedia&parent=40611"}],"wp:term":[{"taxonomy":"category","embeddable":true,"href":"https:\/\/www.contextosdigital.com\/index.php?rest_route=%2Fwp%2Fv2%2Fcategories&post=40611"},{"taxonomy":"post_tag","embeddable":true,"href":"https:\/\/www.contextosdigital.com\/index.php?rest_route=%2Fwp%2Fv2%2Ftags&post=40611"}],"curies":[{"name":"wp","href":"https:\/\/api.w.org\/{rel}","templated":true}]}}