{"id":40605,"date":"2015-12-08T09:14:37","date_gmt":"2015-12-08T14:14:37","guid":{"rendered":"http:\/\/www.contextosdigital.com\/?p=40605"},"modified":"2015-12-08T09:14:37","modified_gmt":"2015-12-08T14:14:37","slug":"concluye-dif-estatal-curso-taller-de-escuela-para-padres","status":"publish","type":"post","link":"https:\/\/www.contextosdigital.com\/?p=40605","title":{"rendered":"Concluye DIF estatal curso-taller de \u201cEscuela para Padres\u201d"},"content":{"rendered":"<p>El Sistema Estatal para el Desarrollo Integral de la Familia (DIF), que preside Mariana Gonz\u00e1lez Foullon, clausur\u00f3 el curso-taller \u201cEscuela para Padres\u201d, que tuvo como finalidad mejorar la integraci\u00f3n familiar, pues es as\u00ed como se construye un entorno social de mayor armon\u00eda.<\/p>\n<p>A trav\u00e9s de pl\u00e1ticas y din\u00e1micas dirigidas a los padres y madres se brind\u00f3 orientaci\u00f3n sobre la responsabilidad de educar a las futuras generaciones con temas como: \u201cCrianza positiva y compartida\u201d, \u201cNi\u00f1ez y desarrollo\u201d, \u201cL\u00edmites y reglas\u201d, por mencionar algunos.<\/p>\n<p>Especialistas en psicolog\u00eda mostraron a los\u00a0 padres asistentes las formas para alcanzar una adecuada formaci\u00f3n de los hijos, y con ello atender de una forma certera las distintas problem\u00e1ticas que enfrentan a lo largo de su desarrollo.<\/p>\n<p>El curso taller \u201cEscuelas para Padres\u201d atendi\u00f3 a un total de 90 personas, quienes asistieron a 18 sesiones con una duraci\u00f3n de dos horas cada una.<\/p>\n<p>La Se\u00f1ora Dania Alicia Carrasco V\u00e1zquez, participante de este curso, mencion\u00f3 que \u201cel curso taller me ayud\u00f3 para superarme personalmente y como madre. En esta ocasi\u00f3n, pude ver lo maravilloso que es tener un hijo y aprend\u00ed que los problemas de los padres no se mezclan con el amor por los hijos\u201d.<\/p>\n<p>A su vez, el se\u00f1or Jos\u00e9 Edmundo Torres Carmona coment\u00f3 que en el taller le ense\u00f1aron a valorar a sus hijos, y a \u00e9l mismo como ser humano. Adem\u00e1s recomend\u00f3 a los padres j\u00f3venes que se acerquen a los cursos.<\/p>\n<p>Para mayores informes, lo interesados en este tipo de estrategias puede comunicarse a los tel\u00e9fonos 465 0440 o acudir a las instalaciones del DIF Estatal ubicado en calle Morelos n\u00famero 4, colonia Centro, en la ciudad de Tlaxcala.<\/p>\n","protected":false},"excerpt":{"rendered":"<p>El Sistema Estatal para el Desarrollo Integral de la Familia (DIF), que preside Mariana Gonz\u00e1lez Foullon, clausur\u00f3 el curso-taller \u201cEscuela para Padres\u201d, que tuvo como finalidad mejorar la integraci\u00f3n familiar, pues es as\u00ed como se construye un entorno social de mayor armon\u00eda.<br \/>\nA trav\u00e9s de pl\u00e1ticas y din\u00e1micas dirigidas a los padres y madres se brind\u00f3 orientaci\u00f3n sobre la responsabilidad de educar a las futuras generaciones con temas como: \u201cCrianza positiva y compartida\u201d, \u201cNi\u00f1ez y desarrollo\u201d, \u201cL\u00edmites y reglas\u201d, por mencionar algunos.<br \/>\nEspecialistas en psicolog\u00eda mostraron a los  padres asistentes las formas para alcanzar una adecuada formaci\u00f3n de los hijos, y con ello atender de una forma certera las distintas problem\u00e1ticas que enfrentan a lo largo de su desarrollo.<\/p>\n","protected":false},"author":2,"featured_media":40606,"comment_status":"open","ping_status":"open","sticky":false,"template":"","format":"standard","meta":{"footnotes":""},"categories":[4],"tags":[],"class_list":["post-40605","post","type-post","status-publish","format-standard","has-post-thumbnail","hentry","category-local"],"_links":{"self":[{"href":"https:\/\/www.contextosdigital.com\/index.php?rest_route=\/wp\/v2\/posts\/40605","targetHints":{"allow":["GET"]}}],"collection":[{"href":"https:\/\/www.contextosdigital.com\/index.php?rest_route=\/wp\/v2\/posts"}],"about":[{"href":"https:\/\/www.contextosdigital.com\/index.php?rest_route=\/wp\/v2\/types\/post"}],"author":[{"embeddable":true,"href":"https:\/\/www.contextosdigital.com\/index.php?rest_route=\/wp\/v2\/users\/2"}],"replies":[{"embeddable":true,"href":"https:\/\/www.contextosdigital.com\/index.php?rest_route=%2Fwp%2Fv2%2Fcomments&post=40605"}],"version-history":[{"count":1,"href":"https:\/\/www.contextosdigital.com\/index.php?rest_route=\/wp\/v2\/posts\/40605\/revisions"}],"predecessor-version":[{"id":40607,"href":"https:\/\/www.contextosdigital.com\/index.php?rest_route=\/wp\/v2\/posts\/40605\/revisions\/40607"}],"wp:featuredmedia":[{"embeddable":true,"href":"https:\/\/www.contextosdigital.com\/index.php?rest_route=\/wp\/v2\/media\/40606"}],"wp:attachment":[{"href":"https:\/\/www.contextosdigital.com\/index.php?rest_route=%2Fwp%2Fv2%2Fmedia&parent=40605"}],"wp:term":[{"taxonomy":"category","embeddable":true,"href":"https:\/\/www.contextosdigital.com\/index.php?rest_route=%2Fwp%2Fv2%2Fcategories&post=40605"},{"taxonomy":"post_tag","embeddable":true,"href":"https:\/\/www.contextosdigital.com\/index.php?rest_route=%2Fwp%2Fv2%2Ftags&post=40605"}],"curies":[{"name":"wp","href":"https:\/\/api.w.org\/{rel}","templated":true}]}}