{"id":40596,"date":"2015-12-08T09:10:46","date_gmt":"2015-12-08T14:10:46","guid":{"rendered":"http:\/\/www.contextosdigital.com\/?p=40596"},"modified":"2015-12-08T09:10:46","modified_gmt":"2015-12-08T14:10:46","slug":"celebran-pgje-y-nacional-monte-de-piedad-convenio-de-colaboracion","status":"publish","type":"post","link":"https:\/\/www.contextosdigital.com\/?p=40596","title":{"rendered":"Celebran PGJE y Nacional Monte de Piedad convenio de colaboraci\u00f3n"},"content":{"rendered":"<p>El Gobierno de Tlaxcala, a trav\u00e9s de la Procuradur\u00eda General de Justicia del Estado (PGJE) y el Nacional Monte de Piedad, realizaron la firma de un convenio que tiene como objetivo establecer los mecanismos de acci\u00f3n, las bases, actividades, entre otras acciones legales, necesarias para el efectivo intercambio de informaci\u00f3n, a fin de mejorar el esclarecimiento de la integraci\u00f3n de las indagatorias relacionadas con los empe\u00f1os de art\u00edculos y\/u objetos de origen il\u00edcito.<\/p>\n<p>Dicho convenio nace de la preocupaci\u00f3n de ambas partes de salvaguardar los intereses y bienes de la poblaci\u00f3n, ya que de esta manera se garantiza que diferentes sectores vulnerables de la sociedad que son beneficiados con donaciones hechas por la Instituci\u00f3n Prendaria, cuenten con este apoyo que les permitir\u00e1 gozar de una mayor calidad de vida.<\/p>\n<p>El documento fue firmado por la procuradora Alicia Fragoso S\u00e1nchez; as\u00ed como por el Subdirector Jur\u00eddico y Apoderado Legal; y el Gerente de Asuntos Contenciosos y Apoderado Legal\u00a0 del Nacional Monte de Piedad I. A. P., Fernando Rivera Gonz\u00e1lez y Carlos Ponce Carrillo, respectivamente.<\/p>\n<p>Dentro de las clausulas firmadas se establece el intercambio que conlleve a la localizaci\u00f3n y detenci\u00f3n de aquellas personas que se encuentran relacionadas como probables responsables en la integraci\u00f3n de las averiguaciones previas y\/o carpetas de investigaci\u00f3n a cargo de la PGJE, y que hayan realizado operaciones de empe\u00f1o en la entidad o en cualquier otra parte de\u00a0 la Rep\u00fablica Mexicana, en las sucursales de El Monte de Piedad.<\/p>\n<p>Asimismo, se otorgar\u00e1 a la Procuradur\u00eda de Tlaxcala la autorizaci\u00f3n para la pr\u00e1ctica de cualquier diligencia legalmente establecida al interior de sus instalaciones. La dependencia estatal tambi\u00e9n podr\u00e1 recabar todo tipo de informaci\u00f3n de las personas con las que se realicen operaciones de empe\u00f1o de alhajas, relojes y\/o cualquier objeto, nombre, apellidos, domicilio e identificaci\u00f3n oficial vigente con fotograf\u00eda, entre otros.<\/p>\n<p>Durante la firma del convenio, ambas partes pactaron el ofrecimiento de cursos-talleres a los peritos valuadores de la Procuradur\u00eda General de Justicia de Tlaxcala, a cargo de especialistas del Nacional Monte de Piedad, y a la vez recalcaron que una de las bondades del acuerdo es el intercambio de informaci\u00f3n entre estos especialistas cient\u00edficos respecto de t\u00e9cnicas para identificar y valuar alhajas, relojes y objetos varios.<\/p>\n<p>Este convenio ser\u00e1 instrumento de gran val\u00eda para evitar que, por conducto de una instituci\u00f3n de asistencia social y casa de empe\u00f1o como el Nacional Monte de Piedad se comercialicen objetos, joyas o relojes, cuyo origen sea de procedencia il\u00edcita.<\/p>\n","protected":false},"excerpt":{"rendered":"<p>El Gobierno de Tlaxcala, a trav\u00e9s de la Procuradur\u00eda General de Justicia del Estado (PGJE) y el Nacional Monte de Piedad, realizaron la firma de un convenio que tiene como objetivo establecer los mecanismos de acci\u00f3n, las bases, actividades, entre otras acciones legales, necesarias para el efectivo intercambio de informaci\u00f3n, a fin de mejorar el esclarecimiento de la integraci\u00f3n de las indagatorias relacionadas con los empe\u00f1os de art\u00edculos y\/u objetos de origen il\u00edcito.<br \/>\nDicho convenio nace de la preocupaci\u00f3n de ambas partes de salvaguardar los intereses y bienes de la poblaci\u00f3n, ya que de esta manera se garantiza que diferentes sectores vulnerables de la sociedad que son beneficiados con donaciones hechas por la Instituci\u00f3n Prendaria, cuenten con este apoyo que les permitir\u00e1 gozar de una mayor calidad de vida.<\/p>\n","protected":false},"author":2,"featured_media":40597,"comment_status":"open","ping_status":"open","sticky":false,"template":"","format":"standard","meta":{"footnotes":""},"categories":[4],"tags":[],"class_list":["post-40596","post","type-post","status-publish","format-standard","has-post-thumbnail","hentry","category-local"],"_links":{"self":[{"href":"https:\/\/www.contextosdigital.com\/index.php?rest_route=\/wp\/v2\/posts\/40596","targetHints":{"allow":["GET"]}}],"collection":[{"href":"https:\/\/www.contextosdigital.com\/index.php?rest_route=\/wp\/v2\/posts"}],"about":[{"href":"https:\/\/www.contextosdigital.com\/index.php?rest_route=\/wp\/v2\/types\/post"}],"author":[{"embeddable":true,"href":"https:\/\/www.contextosdigital.com\/index.php?rest_route=\/wp\/v2\/users\/2"}],"replies":[{"embeddable":true,"href":"https:\/\/www.contextosdigital.com\/index.php?rest_route=%2Fwp%2Fv2%2Fcomments&post=40596"}],"version-history":[{"count":1,"href":"https:\/\/www.contextosdigital.com\/index.php?rest_route=\/wp\/v2\/posts\/40596\/revisions"}],"predecessor-version":[{"id":40598,"href":"https:\/\/www.contextosdigital.com\/index.php?rest_route=\/wp\/v2\/posts\/40596\/revisions\/40598"}],"wp:featuredmedia":[{"embeddable":true,"href":"https:\/\/www.contextosdigital.com\/index.php?rest_route=\/wp\/v2\/media\/40597"}],"wp:attachment":[{"href":"https:\/\/www.contextosdigital.com\/index.php?rest_route=%2Fwp%2Fv2%2Fmedia&parent=40596"}],"wp:term":[{"taxonomy":"category","embeddable":true,"href":"https:\/\/www.contextosdigital.com\/index.php?rest_route=%2Fwp%2Fv2%2Fcategories&post=40596"},{"taxonomy":"post_tag","embeddable":true,"href":"https:\/\/www.contextosdigital.com\/index.php?rest_route=%2Fwp%2Fv2%2Ftags&post=40596"}],"curies":[{"name":"wp","href":"https:\/\/api.w.org\/{rel}","templated":true}]}}