{"id":40593,"date":"2015-12-08T09:08:52","date_gmt":"2015-12-08T14:08:52","guid":{"rendered":"http:\/\/www.contextosdigital.com\/?p=40593"},"modified":"2015-12-08T09:08:52","modified_gmt":"2015-12-08T14:08:52","slug":"dif-de-chiautempan-celebra-la-3ra-semana-nacional-del-buen-trato","status":"publish","type":"post","link":"https:\/\/www.contextosdigital.com\/?p=40593","title":{"rendered":"DIF de Chiautempan celebra la \u201c3ra. Semana Nacional del Buen Trato\u201d"},"content":{"rendered":"<p>En el marco de la \u201c3ra. Semana Nacional del Buen Trato\u201d, que tuvo verificativo del 23 al 27 de noviembre del a\u00f1o en curso, el Sistema Municipal del Desarrollo Integral de la Familia (DIF) de Chiautempan, llev\u00f3 a cabo diferentes actividades para conmemorar dicho programa.<\/p>\n<p>Olivia Rosete Rosete, directora del DIF municipal coment\u00f3\u00a0 que se realizaron talleres y conferencias con temas alusivos a los valores humanos, buen trato y parentabilidad responsable que fueron impartidos por la maestra Martha Nava Flores a m\u00e1s de 50 familias de la colonia industrial, tambi\u00e9n hubo un desfile en el que participaron alumnos de la guarder\u00eda Snoopy y el jard\u00edn de ni\u00f1os\u00a0 Ignacio Allende, ambos de la localidad mencionada anteriormente y que pertenece a la demarcaci\u00f3n sarapera.<\/p>\n","protected":false},"excerpt":{"rendered":"<p>En el marco de la \u201c3ra. Semana Nacional del Buen Trato\u201d, que tuvo verificativo del 23 al 27 de noviembre del a\u00f1o en curso, el Sistema Municipal del Desarrollo Integral de la Familia (DIF) de Chiautempan, llev\u00f3 a cabo diferentes actividades para conmemorar dicho programa.<br \/>\nOlivia Rosete Rosete, directora del DIF municipal coment\u00f3  que se realizaron talleres y conferencias con temas alusivos a los valores humanos, buen trato y parentabilidad responsable que fueron impartidos por la maestra Martha Nava Flores a m\u00e1s de 50 familias de la colonia industrial, tambi\u00e9n hubo un desfile en el que participaron alumnos de la guarder\u00eda Snoopy y el jard\u00edn de ni\u00f1os  Ignacio Allende<\/p>\n","protected":false},"author":2,"featured_media":40594,"comment_status":"open","ping_status":"open","sticky":false,"template":"","format":"standard","meta":{"footnotes":""},"categories":[4],"tags":[],"class_list":["post-40593","post","type-post","status-publish","format-standard","has-post-thumbnail","hentry","category-local"],"_links":{"self":[{"href":"https:\/\/www.contextosdigital.com\/index.php?rest_route=\/wp\/v2\/posts\/40593","targetHints":{"allow":["GET"]}}],"collection":[{"href":"https:\/\/www.contextosdigital.com\/index.php?rest_route=\/wp\/v2\/posts"}],"about":[{"href":"https:\/\/www.contextosdigital.com\/index.php?rest_route=\/wp\/v2\/types\/post"}],"author":[{"embeddable":true,"href":"https:\/\/www.contextosdigital.com\/index.php?rest_route=\/wp\/v2\/users\/2"}],"replies":[{"embeddable":true,"href":"https:\/\/www.contextosdigital.com\/index.php?rest_route=%2Fwp%2Fv2%2Fcomments&post=40593"}],"version-history":[{"count":1,"href":"https:\/\/www.contextosdigital.com\/index.php?rest_route=\/wp\/v2\/posts\/40593\/revisions"}],"predecessor-version":[{"id":40595,"href":"https:\/\/www.contextosdigital.com\/index.php?rest_route=\/wp\/v2\/posts\/40593\/revisions\/40595"}],"wp:featuredmedia":[{"embeddable":true,"href":"https:\/\/www.contextosdigital.com\/index.php?rest_route=\/wp\/v2\/media\/40594"}],"wp:attachment":[{"href":"https:\/\/www.contextosdigital.com\/index.php?rest_route=%2Fwp%2Fv2%2Fmedia&parent=40593"}],"wp:term":[{"taxonomy":"category","embeddable":true,"href":"https:\/\/www.contextosdigital.com\/index.php?rest_route=%2Fwp%2Fv2%2Fcategories&post=40593"},{"taxonomy":"post_tag","embeddable":true,"href":"https:\/\/www.contextosdigital.com\/index.php?rest_route=%2Fwp%2Fv2%2Ftags&post=40593"}],"curies":[{"name":"wp","href":"https:\/\/api.w.org\/{rel}","templated":true}]}}