{"id":40587,"date":"2015-12-08T09:05:44","date_gmt":"2015-12-08T14:05:44","guid":{"rendered":"http:\/\/www.contextosdigital.com\/?p=40587"},"modified":"2015-12-08T09:05:44","modified_gmt":"2015-12-08T14:05:44","slug":"realizan-faena-comunitaria-en-chiautempan","status":"publish","type":"post","link":"https:\/\/www.contextosdigital.com\/?p=40587","title":{"rendered":"Realizan faena comunitaria en Chiautempan."},"content":{"rendered":"<p>Como parte de las actividades que realiza el ayuntamiento de Chiautempan para promover los ambientes saludables entre los y las chiautempenses, la ma\u00f1ana del domingo 6 de diciembre se realizaron trabajos de limpieza en la zona centro de la cabecera municipal.<\/p>\n<p>Los trabajos fueron encabezados por el alcalde Antonio Mendoza Romero, quien junto con personal de todas las \u00e1reas del ayuntamiento, llevaron a cabo recolecci\u00f3n de basura, retiro de maleza, mantenimiento a \u00e1reas verdes en jardineras y el balizamiento de las calles principales como la Avenida Antonio D\u00edaz Varela e Ignacio Picazo. Ello con la finalidad de ofrecer una imagen limpia a la comunidad y turistas, al tiempo en que se involucra la participaci\u00f3n de los vecinos para preservar los espacios p\u00fablicos de manera saludable, crear conciencia de la separaci\u00f3n y dep\u00f3sito de la basura en su lugar as\u00ed como preservar la seguridad vial.<\/p>\n<p>Tambi\u00e9n se cont\u00f3 con la participaci\u00f3n de alumnos de nivel medio superior quienes como parte de las actividades que realizan a trav\u00e9s de la Coordinaci\u00f3n de Servicio Social de Instituciones de Educaci\u00f3n Superior COSSIES, se sumaron al esfuerzo de dicha limpieza y balizamiento.<\/p>\n","protected":false},"excerpt":{"rendered":"<p>Como parte de las actividades que realiza el ayuntamiento de Chiautempan para promover los ambientes saludables entre los y las chiautempenses, la ma\u00f1ana del domingo 6 de diciembre se realizaron trabajos de limpieza en la zona centro de la cabecera municipal.<br \/>\nLos trabajos fueron encabezados por el alcalde Antonio Mendoza Romero, quien junto con personal de todas las \u00e1reas del ayuntamiento, llevaron a cabo recolecci\u00f3n de basura, retiro de maleza, mantenimiento a \u00e1reas verdes en jardineras y el balizamiento de las calles principales como la Avenida Antonio D\u00edaz Varela e Ignacio Picazo. <\/p>\n","protected":false},"author":2,"featured_media":40588,"comment_status":"open","ping_status":"open","sticky":false,"template":"","format":"standard","meta":{"footnotes":""},"categories":[4],"tags":[],"class_list":["post-40587","post","type-post","status-publish","format-standard","has-post-thumbnail","hentry","category-local"],"_links":{"self":[{"href":"https:\/\/www.contextosdigital.com\/index.php?rest_route=\/wp\/v2\/posts\/40587","targetHints":{"allow":["GET"]}}],"collection":[{"href":"https:\/\/www.contextosdigital.com\/index.php?rest_route=\/wp\/v2\/posts"}],"about":[{"href":"https:\/\/www.contextosdigital.com\/index.php?rest_route=\/wp\/v2\/types\/post"}],"author":[{"embeddable":true,"href":"https:\/\/www.contextosdigital.com\/index.php?rest_route=\/wp\/v2\/users\/2"}],"replies":[{"embeddable":true,"href":"https:\/\/www.contextosdigital.com\/index.php?rest_route=%2Fwp%2Fv2%2Fcomments&post=40587"}],"version-history":[{"count":1,"href":"https:\/\/www.contextosdigital.com\/index.php?rest_route=\/wp\/v2\/posts\/40587\/revisions"}],"predecessor-version":[{"id":40589,"href":"https:\/\/www.contextosdigital.com\/index.php?rest_route=\/wp\/v2\/posts\/40587\/revisions\/40589"}],"wp:featuredmedia":[{"embeddable":true,"href":"https:\/\/www.contextosdigital.com\/index.php?rest_route=\/wp\/v2\/media\/40588"}],"wp:attachment":[{"href":"https:\/\/www.contextosdigital.com\/index.php?rest_route=%2Fwp%2Fv2%2Fmedia&parent=40587"}],"wp:term":[{"taxonomy":"category","embeddable":true,"href":"https:\/\/www.contextosdigital.com\/index.php?rest_route=%2Fwp%2Fv2%2Fcategories&post=40587"},{"taxonomy":"post_tag","embeddable":true,"href":"https:\/\/www.contextosdigital.com\/index.php?rest_route=%2Fwp%2Fv2%2Ftags&post=40587"}],"curies":[{"name":"wp","href":"https:\/\/api.w.org\/{rel}","templated":true}]}}