{"id":40581,"date":"2015-12-08T09:01:42","date_gmt":"2015-12-08T14:01:42","guid":{"rendered":"http:\/\/www.contextosdigital.com\/?p=40581"},"modified":"2015-12-08T09:01:42","modified_gmt":"2015-12-08T14:01:42","slug":"recupera-policia-capitalina-caja-seca-con-productos-lacteos-robada-en-huamantla","status":"publish","type":"post","link":"https:\/\/www.contextosdigital.com\/?p=40581","title":{"rendered":"Recupera polic\u00eda capitalina caja seca con productos l\u00e1cteos robada en Huamantla"},"content":{"rendered":"<p>Tras ser robada en el municipio de Huamantla, elementos de la Direcci\u00f3n de Seguridad P\u00fablica, Vialidad y Protecci\u00f3n Civil Municipal de Tlaxcala, localizaron y pusieron a disposici\u00f3n del Ministerio P\u00fablico Federal, una caja seca refrigeradora que trasportaba productos l\u00e1cteos de la empresa Nestl\u00e9, estacionada en una bodega purificadora de agua, ubicada en San Lucas Cuauhtelulpan.<\/p>\n<p>Raymundo Fragoso Mu\u00f1oz, director de la polic\u00eda capitalina, resalt\u00f3 que los hechos se dieron este s\u00e1bado 5 de diciembre, tras recibir la alerta -v\u00eda radio transmisi\u00f3n- de localizar la unidad de transporte de carga que fue ubicada -por rastreo satelital- en la calle Independencia, de la colonia La Ca\u00f1ada.<\/p>\n<p>Se\u00f1al\u00f3 que la acci\u00f3n deriv\u00f3 en un operativo coordinado con la participaci\u00f3n de elementos de las Fuerzas Municipales de Tlaxcala, la Polic\u00eda Federal y de la Comisi\u00f3n Estatal de Seguridad (CES), que al identificar desde el exterior la unidad con las caracter\u00edsticas descritas, se apostaron frente al local con la leyenda \u201cAgua Purificada Electr\u00f3pura\u201d, que se encontraba cerrado y sin personal en su interior.<\/p>\n<p>Fragoso Mu\u00f1oz asever\u00f3 que los elementos policiales acordonaron la zona\u00a0 y los uniformados Municipales se encargaron de iniciar la cadena de custodia y puesta a disposici\u00f3n al Ministerio P\u00fablico Federal, y as\u00ed los oficiales de la Policial Federal dieran continuidad a la investigaci\u00f3n que iniciaron desde el reporte del robo en el municipio del oriente de la entidad.<\/p>\n","protected":false},"excerpt":{"rendered":"<p>Tras ser robada en el municipio de Huamantla, elementos de la Direcci\u00f3n de Seguridad P\u00fablica, Vialidad y Protecci\u00f3n Civil Municipal de Tlaxcala, localizaron y pusieron a disposici\u00f3n del Ministerio P\u00fablico Federal, una caja seca refrigeradora que trasportaba productos l\u00e1cteos de la empresa Nestl\u00e9, estacionada en una bodega purificadora de agua, ubicada en San Lucas Cuauhtelulpan.<br \/>\nRaymundo Fragoso Mu\u00f1oz, director de la polic\u00eda capitalina, resalt\u00f3 que los hechos se dieron este s\u00e1bado 5 de diciembre, tras recibir la alerta -v\u00eda radio transmisi\u00f3n- de localizar la unidad de transporte de carga que fue ubicada -por rastreo satelital- en la calle Independencia, de la colonia La Ca\u00f1ada.<\/p>\n","protected":false},"author":2,"featured_media":40582,"comment_status":"open","ping_status":"open","sticky":false,"template":"","format":"standard","meta":{"footnotes":""},"categories":[4],"tags":[],"class_list":["post-40581","post","type-post","status-publish","format-standard","has-post-thumbnail","hentry","category-local"],"_links":{"self":[{"href":"https:\/\/www.contextosdigital.com\/index.php?rest_route=\/wp\/v2\/posts\/40581","targetHints":{"allow":["GET"]}}],"collection":[{"href":"https:\/\/www.contextosdigital.com\/index.php?rest_route=\/wp\/v2\/posts"}],"about":[{"href":"https:\/\/www.contextosdigital.com\/index.php?rest_route=\/wp\/v2\/types\/post"}],"author":[{"embeddable":true,"href":"https:\/\/www.contextosdigital.com\/index.php?rest_route=\/wp\/v2\/users\/2"}],"replies":[{"embeddable":true,"href":"https:\/\/www.contextosdigital.com\/index.php?rest_route=%2Fwp%2Fv2%2Fcomments&post=40581"}],"version-history":[{"count":1,"href":"https:\/\/www.contextosdigital.com\/index.php?rest_route=\/wp\/v2\/posts\/40581\/revisions"}],"predecessor-version":[{"id":40583,"href":"https:\/\/www.contextosdigital.com\/index.php?rest_route=\/wp\/v2\/posts\/40581\/revisions\/40583"}],"wp:featuredmedia":[{"embeddable":true,"href":"https:\/\/www.contextosdigital.com\/index.php?rest_route=\/wp\/v2\/media\/40582"}],"wp:attachment":[{"href":"https:\/\/www.contextosdigital.com\/index.php?rest_route=%2Fwp%2Fv2%2Fmedia&parent=40581"}],"wp:term":[{"taxonomy":"category","embeddable":true,"href":"https:\/\/www.contextosdigital.com\/index.php?rest_route=%2Fwp%2Fv2%2Fcategories&post=40581"},{"taxonomy":"post_tag","embeddable":true,"href":"https:\/\/www.contextosdigital.com\/index.php?rest_route=%2Fwp%2Fv2%2Ftags&post=40581"}],"curies":[{"name":"wp","href":"https:\/\/api.w.org\/{rel}","templated":true}]}}