{"id":40575,"date":"2015-12-07T12:02:43","date_gmt":"2015-12-07T17:02:43","guid":{"rendered":"http:\/\/www.contextosdigital.com\/?p=40575"},"modified":"2015-12-07T12:02:43","modified_gmt":"2015-12-07T17:02:43","slug":"inauguro-rector-de-la-uat-nuevos-espacios-en-la-facultad-de-diseno-arte-y-arquitectura-4","status":"publish","type":"post","link":"https:\/\/www.contextosdigital.com\/?p=40575","title":{"rendered":"Inaugur\u00f3 Rector de la UAT nuevos espacios en la Facultad de Dise\u00f1o, Arte y Arquitectura"},"content":{"rendered":"<p>Con el objetivo de generar entornos m\u00e1s eficientes y sostenibles, que permitan alcanzar una verdadera interacci\u00f3n social a partir de espacios que favorezcan el aprendizaje, el desarrollo de la creatividad, el trabajo en equipo y la aplicaci\u00f3n de conocimientos, fueron inauguradas las \u00e1reas que ocupan el laboratorio de dise\u00f1o automotriz, la sala de arte y la biblioteca de la Facultad de Dise\u00f1o, Arte y Arquitectura, de la Universidad Aut\u00f3noma de Tlaxcala (UAT), por parte del Rector, Mtro. Rub\u00e9n Reyes C\u00f3rdoba, acompa\u00f1ado del Ing. Thomas Karig Gerecht, Vicepresidente de Relaciones Corporativas y Estrat\u00e9gicas de Volkswagen de M\u00e9xico, S.A. de C.V., y del Lic. Maximino Acoltzi Nava, Director de la Facultad.<\/p>\n<p>Ante la estructura universitaria, docentes, trabajadores y alumnos, el Mtro. Rub\u00e9n Reyes C\u00f3rdoba mencion\u00f3 que la educaci\u00f3n se ubica como una de las principales v\u00edas para que los j\u00f3venes obtengan mejores niveles de crecimiento personal y profesional, gracias a la formaci\u00f3n que reciben en las aulas y que contribuyen con su actuaci\u00f3n para que su contexto actual pueda transformarse.<\/p>\n<p>Indic\u00f3 que la Universidad Aut\u00f3noma de Tlaxcala seguir\u00e1 avanzando, ubic\u00e1ndose como el mejor referente de la educaci\u00f3n superior de calidad, vinculada con la sociedad, con las tareas de la generaci\u00f3n de conocimientos, la difusi\u00f3n de la cultura, la formaci\u00f3n integral de sus estudiantes y con la amplia perspectiva de cooperaci\u00f3n con el sector productivo.<\/p>\n<p>En tanto, el Lic. Maximino Acoltzi Nava, Director de la Facultad de Dise\u00f1o, Arte y Arquitectura, inform\u00f3 que el laboratorio de dise\u00f1o automotriz se pondr\u00e1 al servicio del alumnado para homologar la teor\u00eda y la pr\u00e1ctica en el estudio de esta industria, que permitir\u00e1n contar con egresados de calidad, competitivos, con altura de miras y vanguardistas.<\/p>\n<p>Reiter\u00f3 el compromiso de la Facultad que dirige para enarbolar la calidad en la educaci\u00f3n superior, encaminar todos sus procesos al objetivo de brindar una mayor oportunidad de superaci\u00f3n acad\u00e9mica, con la responsabilidad de responder a los requerimientos de la actual sociedad globalizada.<\/p>\n<p>Asimismo, el Lic. Acoltzi Nava reconoci\u00f3 el compromiso social que tiene la empresa Volkswagen de M\u00e9xico, al realizar la donaci\u00f3n de dos carrocer\u00edas: una de Golf variant y otra de Jetta, ambas modelo 2016, as\u00ed como de un robot tipo \u201cKuka\u201d, los cuales ser\u00e1n utilizados por los estudiantes para su formaci\u00f3n profesional.<\/p>\n<p>\u201cLa oportunidad que se nos da, de que nuestra Universidad y la empresa sean socios estrat\u00e9gicos, nos har\u00e1 responder con hechos en el programa\u00a0<em>innovation campus<\/em>, para que nuestra comunidad estudiantil trabaje acad\u00e9micamente en equipos multidisciplinarios e intercambiando conocimientos con otras instituciones en lo referente al dise\u00f1o automotriz; y en el\u00a0<em>q-academic<\/em>, nos mantendremos siempre actualizados y competitivos\u201d, finaliz\u00f3.<\/p>\n<p>En su oportunidad, el Ing. Thomas Karig Gerecht, Vicepresidente de Relaciones Corporativas y Estrat\u00e9gicas de Volkswagen de M\u00e9xico, S.A. de C.V., se refiri\u00f3 a la Aut\u00f3noma de Tlaxcala como una entidad potencial del desarrollo regional y del pa\u00eds, ya que es la encargada de formar a los profesionistas del futuro, pues al enfrentarse al mercado laboral, solo se insertar\u00e1n los que tengan los mejores resultados. \u201cPor eso estamos aqu\u00ed, apoyando con la donaci\u00f3n de estos equipos, con la finalidad de coadyuvar a la preparaci\u00f3n de los estudiantes de esta Universidad\u201d, concluy\u00f3.<\/p>\n<p>&nbsp;<\/p>\n","protected":false},"excerpt":{"rendered":"<p>Con el objetivo de generar entornos m\u00e1s eficientes y sostenibles, que permitan alcanzar una verdadera interacci\u00f3n social a partir de espacios que favorezcan el aprendizaje, el desarrollo de la creatividad, el trabajo en equipo y la aplicaci\u00f3n de conocimientos, fueron inauguradas las \u00e1reas que ocupan el laboratorio de dise\u00f1o automotriz, la sala de arte y la biblioteca de la Facultad de Dise\u00f1o, Arte y Arquitectura, de la Universidad Aut\u00f3noma de Tlaxcala (UAT), por parte del Rector, Mtro. Rub\u00e9n Reyes C\u00f3rdoba, acompa\u00f1ado del Ing. Thomas Karig Gerecht, Vicepresidente de Relaciones Corporativas y Estrat\u00e9gicas de Volkswagen de M\u00e9xico, S.A. de C.V., y del Lic. Maximino Acoltzi Nava, Director de la Facultad.<br \/>\n Ante la estructura universitaria, docentes, trabajadores y alumnos, el Mtro. Rub\u00e9n Reyes C\u00f3rdoba mencion\u00f3 que la educaci\u00f3n se ubica como una de las principales v\u00edas para que los j\u00f3venes obtengan mejores niveles de crecimiento personal y profesional, gracias a la formaci\u00f3n que reciben en las aulas y que contribuyen con su actuaci\u00f3n para que su contexto actual pueda transformarse.<\/p>\n","protected":false},"author":2,"featured_media":40576,"comment_status":"open","ping_status":"open","sticky":false,"template":"","format":"standard","meta":{"footnotes":""},"categories":[4],"tags":[],"class_list":["post-40575","post","type-post","status-publish","format-standard","has-post-thumbnail","hentry","category-local"],"_links":{"self":[{"href":"https:\/\/www.contextosdigital.com\/index.php?rest_route=\/wp\/v2\/posts\/40575","targetHints":{"allow":["GET"]}}],"collection":[{"href":"https:\/\/www.contextosdigital.com\/index.php?rest_route=\/wp\/v2\/posts"}],"about":[{"href":"https:\/\/www.contextosdigital.com\/index.php?rest_route=\/wp\/v2\/types\/post"}],"author":[{"embeddable":true,"href":"https:\/\/www.contextosdigital.com\/index.php?rest_route=\/wp\/v2\/users\/2"}],"replies":[{"embeddable":true,"href":"https:\/\/www.contextosdigital.com\/index.php?rest_route=%2Fwp%2Fv2%2Fcomments&post=40575"}],"version-history":[{"count":1,"href":"https:\/\/www.contextosdigital.com\/index.php?rest_route=\/wp\/v2\/posts\/40575\/revisions"}],"predecessor-version":[{"id":40577,"href":"https:\/\/www.contextosdigital.com\/index.php?rest_route=\/wp\/v2\/posts\/40575\/revisions\/40577"}],"wp:featuredmedia":[{"embeddable":true,"href":"https:\/\/www.contextosdigital.com\/index.php?rest_route=\/wp\/v2\/media\/40576"}],"wp:attachment":[{"href":"https:\/\/www.contextosdigital.com\/index.php?rest_route=%2Fwp%2Fv2%2Fmedia&parent=40575"}],"wp:term":[{"taxonomy":"category","embeddable":true,"href":"https:\/\/www.contextosdigital.com\/index.php?rest_route=%2Fwp%2Fv2%2Fcategories&post=40575"},{"taxonomy":"post_tag","embeddable":true,"href":"https:\/\/www.contextosdigital.com\/index.php?rest_route=%2Fwp%2Fv2%2Ftags&post=40575"}],"curies":[{"name":"wp","href":"https:\/\/api.w.org\/{rel}","templated":true}]}}