{"id":40568,"date":"2015-12-07T12:00:49","date_gmt":"2015-12-07T17:00:49","guid":{"rendered":"http:\/\/www.contextosdigital.com\/?p=40568"},"modified":"2015-12-07T12:00:49","modified_gmt":"2015-12-07T17:00:49","slug":"beneficia-gobierno-del-estado-a-mas-de-36-mil-alumnos-con-la-construccion-de-177-desayunadores-escolares","status":"publish","type":"post","link":"https:\/\/www.contextosdigital.com\/?p=40568","title":{"rendered":"Beneficia Gobierno del Estado a m\u00e1s de 36 mil alumnos con la construcci\u00f3n de 177 desayunadores escolares"},"content":{"rendered":"<p>Una de las prioridades del Gobierno que encabeza Mariano Gonz\u00e1lez Zarur es que los infantes tlaxcaltecas cuenten con las condiciones necesarias para su \u00f3ptimo desarrollo, ejemplo de ello son los 177 desayunadores escolares que, de 2011 a la fecha, esta administraci\u00f3n construy\u00f3 en diversas escuelas alrededor del territorio estatal.<\/p>\n<p>De tal forma que, en cinco a\u00f1os,\u00a036 mil 656 alumnos de los niveles preescolar, primaria y secundaria se han visto favorecidos con este tipo de espacios al tener acceso a\u00a0una alimentaci\u00f3n nutritiva que contribuye a su adecuado crecimiento y desempe\u00f1o acad\u00e9mico.<\/p>\n<p>La construcci\u00f3n de estos\u00a0 espacios es resultado de un trabajo interinstitucional en el que participan el Sistema Estatal para el Desarrollo Integral de la Familia (DIF) y el\u00a0Instituto Tlaxcalteca de\u00a0Infraestructura F\u00edsica Educativa (Itife).<\/p>\n<p>Gracias a la coordinaci\u00f3n entre las dependencias, se asegura que tales instalaciones cumplan con todas las especificaciones t\u00e9cnicas y de operaci\u00f3n acordes de la comunidad educativa.<\/p>\n<p>Para la construcci\u00f3n de estos 177 desayunadores se requiri\u00f3 una inversi\u00f3n de 92.2 millones de pesos, lo que demuestra la voluntad pol\u00edtica del actual Gobierno del Estado por mejorar las condiciones del sector educativo en todos sus \u00e1mbitos.<\/p>\n<p>Asimismo, el Gobierno estatal hace un reconocimiento a la participaci\u00f3n de los padres de familia, quienes de manera entusiasta y con un gran sentido de responsabilidad participan en la operaci\u00f3n de los desayunadores, donde sus hijos reciben alimentos nutritivos, lo que deriva en un \u00f3ptimo estado de salud en los infantes.<\/p>\n<p>De esta manera, la administraci\u00f3n de Mariano Gonz\u00e1lez Zarur dignifica los espacios escolares y refrenda su pleno compromiso de elevar la calidad de vida de los tlaxcaltecas, a fin de consolidar un Estado m\u00e1s pr\u00f3spero.<\/p>\n<p>&nbsp;<\/p>\n","protected":false},"excerpt":{"rendered":"<p>Una de las prioridades del Gobierno que encabeza Mariano Gonz\u00e1lez Zarur es que los infantes tlaxcaltecas cuenten con las condiciones necesarias para su \u00f3ptimo desarrollo, ejemplo de ello son los 177 desayunadores escolares que, de 2011 a la fecha, esta administraci\u00f3n construy\u00f3 en diversas escuelas alrededor del territorio estatal.<br \/>\nDe tal forma que, en cinco a\u00f1os, 36 mil 656 alumnos de los niveles preescolar, primaria y secundaria se han visto favorecidos con este tipo de espacios al tener acceso a una alimentaci\u00f3n nutritiva que contribuye a su adecuado crecimiento y desempe\u00f1o acad\u00e9mico.<br \/>\nLa construcci\u00f3n de estos  espacios es resultado de un trabajo interinstitucional en el que participan el Sistema Estatal para el Desarrollo Integral de la Familia (DIF) y el Instituto Tlaxcalteca de Infraestructura F\u00edsica Educativa (Itife).<\/p>\n","protected":false},"author":2,"featured_media":40569,"comment_status":"open","ping_status":"open","sticky":false,"template":"","format":"standard","meta":{"footnotes":""},"categories":[4],"tags":[],"class_list":["post-40568","post","type-post","status-publish","format-standard","has-post-thumbnail","hentry","category-local"],"_links":{"self":[{"href":"https:\/\/www.contextosdigital.com\/index.php?rest_route=\/wp\/v2\/posts\/40568","targetHints":{"allow":["GET"]}}],"collection":[{"href":"https:\/\/www.contextosdigital.com\/index.php?rest_route=\/wp\/v2\/posts"}],"about":[{"href":"https:\/\/www.contextosdigital.com\/index.php?rest_route=\/wp\/v2\/types\/post"}],"author":[{"embeddable":true,"href":"https:\/\/www.contextosdigital.com\/index.php?rest_route=\/wp\/v2\/users\/2"}],"replies":[{"embeddable":true,"href":"https:\/\/www.contextosdigital.com\/index.php?rest_route=%2Fwp%2Fv2%2Fcomments&post=40568"}],"version-history":[{"count":1,"href":"https:\/\/www.contextosdigital.com\/index.php?rest_route=\/wp\/v2\/posts\/40568\/revisions"}],"predecessor-version":[{"id":40570,"href":"https:\/\/www.contextosdigital.com\/index.php?rest_route=\/wp\/v2\/posts\/40568\/revisions\/40570"}],"wp:featuredmedia":[{"embeddable":true,"href":"https:\/\/www.contextosdigital.com\/index.php?rest_route=\/wp\/v2\/media\/40569"}],"wp:attachment":[{"href":"https:\/\/www.contextosdigital.com\/index.php?rest_route=%2Fwp%2Fv2%2Fmedia&parent=40568"}],"wp:term":[{"taxonomy":"category","embeddable":true,"href":"https:\/\/www.contextosdigital.com\/index.php?rest_route=%2Fwp%2Fv2%2Fcategories&post=40568"},{"taxonomy":"post_tag","embeddable":true,"href":"https:\/\/www.contextosdigital.com\/index.php?rest_route=%2Fwp%2Fv2%2Ftags&post=40568"}],"curies":[{"name":"wp","href":"https:\/\/api.w.org\/{rel}","templated":true}]}}