{"id":40565,"date":"2015-12-07T11:59:24","date_gmt":"2015-12-07T16:59:24","guid":{"rendered":"http:\/\/www.contextosdigital.com\/?p=40565"},"modified":"2015-12-07T11:59:24","modified_gmt":"2015-12-07T16:59:24","slug":"chiautempan-albergara-exposicion-pictorica-internacional","status":"publish","type":"post","link":"https:\/\/www.contextosdigital.com\/?p=40565","title":{"rendered":"Chiautempan albergar\u00e1 Exposici\u00f3n pict\u00f3rica internacional."},"content":{"rendered":"<p>El ayuntamiento de Chiautempan, que es encabezado por el alcalde Antonio Mendoza Romero, a trav\u00e9s de la direcci\u00f3n de Juventud y econom\u00eda social solidaria, inaugurar\u00e1 el pr\u00f3ximo lunes 7 de diciembre la exposici\u00f3n titulada \u201cEl arte de verdad, benevolencia, tolerancia\u201d.<\/p>\n<p>As\u00ed lo coment\u00f3 Sixto Ipatzi P\u00e9rez, cronista adjunto del ayuntamiento, quien abund\u00f3 que el pr\u00f3ximo lunes 7 de diciembre, a partir de las 17:00 Hrs. la \u201cGaler\u00eda Toci\u201d albergar\u00e1 las obras pict\u00f3ricas de una docena de artistas chinos quienes comparten la pr\u00e1ctica espiritual llamada Falun Dafa, donde a trav\u00e9s de pinturas al \u00f3leo de corte Realista, con una amplia capacidad narrativa, abarcan cuatro tem\u00e1ticas principales: la armon\u00eda, adversidad, coraje y justicia.<\/p>\n<p>De este modo los autores crean un sentido est\u00e9tico basado en las formas m\u00e1s altas de dichas virtudes, con la intenci\u00f3n de denunciar y hacer conciencia de los derechos humanos a trav\u00e9s de sus obras.<\/p>\n<p>Dicha exposici\u00f3n ser\u00e1 de acceso gratuito y permanecer\u00e1 del 7 al 13 de diciembre en la Galer\u00eda Toci, ubicada en la planta baja del palacio municipal de Chiautempan, en un horario de 9:00 a 15:00 Hrs. y de 17:00 a 19:00 Hrs.<\/p>\n","protected":false},"excerpt":{"rendered":"<p>El ayuntamiento de Chiautempan, que es encabezado por el alcalde Antonio Mendoza Romero, a trav\u00e9s de la direcci\u00f3n de Juventud y econom\u00eda social solidaria, inaugurar\u00e1 el pr\u00f3ximo lunes 7 de diciembre la exposici\u00f3n titulada \u201cEl arte de verdad, benevolencia, tolerancia\u201d.<br \/>\nAs\u00ed lo coment\u00f3 Sixto Ipatzi P\u00e9rez, cronista adjunto del ayuntamiento, quien abund\u00f3 que el pr\u00f3ximo lunes 7 de diciembre, a partir de las 17:00 Hrs. la \u201cGaler\u00eda Toci\u201d albergar\u00e1 las obras pict\u00f3ricas de una docena de artistas chinos quienes comparten la pr\u00e1ctica espiritual llamada Falun Dafa, donde a trav\u00e9s de pinturas al \u00f3leo de corte Realista, con una amplia capacidad narrativa, abarcan cuatro tem\u00e1ticas principales: la armon\u00eda, adversidad, coraje y justicia.<\/p>\n","protected":false},"author":2,"featured_media":40566,"comment_status":"open","ping_status":"open","sticky":false,"template":"","format":"standard","meta":{"footnotes":""},"categories":[4],"tags":[],"class_list":["post-40565","post","type-post","status-publish","format-standard","has-post-thumbnail","hentry","category-local"],"_links":{"self":[{"href":"https:\/\/www.contextosdigital.com\/index.php?rest_route=\/wp\/v2\/posts\/40565","targetHints":{"allow":["GET"]}}],"collection":[{"href":"https:\/\/www.contextosdigital.com\/index.php?rest_route=\/wp\/v2\/posts"}],"about":[{"href":"https:\/\/www.contextosdigital.com\/index.php?rest_route=\/wp\/v2\/types\/post"}],"author":[{"embeddable":true,"href":"https:\/\/www.contextosdigital.com\/index.php?rest_route=\/wp\/v2\/users\/2"}],"replies":[{"embeddable":true,"href":"https:\/\/www.contextosdigital.com\/index.php?rest_route=%2Fwp%2Fv2%2Fcomments&post=40565"}],"version-history":[{"count":1,"href":"https:\/\/www.contextosdigital.com\/index.php?rest_route=\/wp\/v2\/posts\/40565\/revisions"}],"predecessor-version":[{"id":40567,"href":"https:\/\/www.contextosdigital.com\/index.php?rest_route=\/wp\/v2\/posts\/40565\/revisions\/40567"}],"wp:featuredmedia":[{"embeddable":true,"href":"https:\/\/www.contextosdigital.com\/index.php?rest_route=\/wp\/v2\/media\/40566"}],"wp:attachment":[{"href":"https:\/\/www.contextosdigital.com\/index.php?rest_route=%2Fwp%2Fv2%2Fmedia&parent=40565"}],"wp:term":[{"taxonomy":"category","embeddable":true,"href":"https:\/\/www.contextosdigital.com\/index.php?rest_route=%2Fwp%2Fv2%2Fcategories&post=40565"},{"taxonomy":"post_tag","embeddable":true,"href":"https:\/\/www.contextosdigital.com\/index.php?rest_route=%2Fwp%2Fv2%2Ftags&post=40565"}],"curies":[{"name":"wp","href":"https:\/\/api.w.org\/{rel}","templated":true}]}}