{"id":40556,"date":"2015-12-07T11:55:39","date_gmt":"2015-12-07T16:55:39","guid":{"rendered":"http:\/\/www.contextosdigital.com\/?p=40556"},"modified":"2015-12-07T11:55:39","modified_gmt":"2015-12-07T16:55:39","slug":"inaugura-mgf-casa-de-dia-en-panotla-para-adultos-mayores","status":"publish","type":"post","link":"https:\/\/www.contextosdigital.com\/?p=40556","title":{"rendered":"Inaugura MGF Casa de D\u00eda en Panotla para adultos mayores"},"content":{"rendered":"<p>La Presidente Honor\u00edfica del Sistema Estatal para el Desarrollo Integral de la Familia (DIF), Mariana Gonz\u00e1lez Foullon, encabez\u00f3 la inauguraci\u00f3n de la Casa de D\u00eda, ubicada en la comunidad de Temetzontla, en el municipio de Panotla, cuyo objetivo es brindar a los adultos mayores un espacio para la convivencia y recreaci\u00f3n, que fue puesta en operaci\u00f3n gracias a la uni\u00f3n de esfuerzos entre los tres \u00f3rdenes de Gobierno.<\/p>\n<p>En su mensaje, la Presidente Honor\u00edfica recalc\u00f3 que la administraci\u00f3n encabezada por Mariano Gonz\u00e1lez Zarur trabaja por el bienestar de todos los sectores de la poblaci\u00f3n, ejemplo de ello es esta Casa de D\u00eda que permitir\u00e1 a las personas de la tercera edad, que radican en esta localidad de Temetzontla y zonas aleda\u00f1as, contar con un inmueble donde recibir\u00e1n atenci\u00f3n integral que mejore su calidad de vida.<\/p>\n<p>Gonz\u00e1lez Foullon recalc\u00f3 que este tipo de acciones de beneficio social son resultado de la plena coordinaci\u00f3n que existe entre la administraci\u00f3n estatal y los Gobiernos federal y municipales.<\/p>\n<p>Tambi\u00e9n remarc\u00f3 que en esta ocasi\u00f3n la puesta en operaci\u00f3n de esta Casa de D\u00eda es producto de la alianza entre el DIF estatal y las delegaciones de la Secretar\u00eda de Desarrollo Social (Sedesol) y del Instituto Nacional para las Personas Adultas Mayores (Inapam).<\/p>\n<p>Por otra parte, Mariana Gonz\u00e1lez exhort\u00f3 a los adultos mayores a disfrutar de este inmueble donde podr\u00e1n realizar actividad f\u00edsica, participar en talleres de manualidades, entre otras actividades recreativas acordes a ellos, pero sobre todo tendr\u00e1n la oportunidad de convivir con otras personas, lo que coadyuvar\u00e1 en su adecuado estado emocional y mental.<\/p>\n<p>Finalmente, la Presidente Honor\u00edfica del DIF refrend\u00f3 el compromiso del Gobernador, Mariano Gonz\u00e1lez, por generar las condiciones necesarias para el bienestar integral de los adultos mayores y lograr as\u00ed que gocen de una vida plena.<\/p>\n<p>En su intervenci\u00f3n,\u00a0Agust\u00edn Bret\u00f3n Stankiewicz, subdelegado de la Sedesol, detall\u00f3 que esta Casa de D\u00eda \u00a0requiri\u00f3 una inversi\u00f3n de 327 mil 878 pesos de los programas \u201cAdultos Mayores\u201d y Programa de Empleo Temporal (PET).<\/p>\n<p>Asimismo, el funcionario federal recalc\u00f3 que estas acciones no ser\u00edan posibles sin la uni\u00f3n de esfuerzos de los Gobiernos y de la sociedad en general.<\/p>\n<p>En su intervenci\u00f3n, la delegada del Inapam, Mariana Villarello Stevenson, asegur\u00f3 que el Gobierno del Presidente, Enrique Pe\u00f1a Nieto, tiene como m\u00e1ximo deber trabajar a favor de todos los sectores de la poblaci\u00f3n, en especial de aquellos vulnerables, como lo son adultos mayores.<\/p>\n<p>Por su parte, Sa\u00fal Cano Hern\u00e1ndez, alcalde de Panotla -quien estuvo acompa\u00f1ado por la Presidente del DIF municipal, Paola Carro Casta\u00f1eda-, agradeci\u00f3 el apoyo de los Gobiernos Federal y estatal, \u201cya que de manera decidida es como se logran los objetivos\u201d, se\u00f1al\u00f3.<\/p>\n","protected":false},"excerpt":{"rendered":"<p>La Presidente Honor\u00edfica del Sistema Estatal para el Desarrollo Integral de la Familia (DIF), Mariana Gonz\u00e1lez Foullon, encabez\u00f3 la inauguraci\u00f3n de la Casa de D\u00eda, ubicada en la comunidad de Temetzontla, en el municipio de Panotla, cuyo objetivo es brindar a los adultos mayores un espacio para la convivencia y recreaci\u00f3n, que fue puesta en operaci\u00f3n gracias a la uni\u00f3n de esfuerzos entre los tres \u00f3rdenes de Gobierno.<br \/>\nEn su mensaje, la Presidente Honor\u00edfica recalc\u00f3 que la administraci\u00f3n encabezada por Mariano Gonz\u00e1lez Zarur trabaja por el bienestar de todos los sectores de la poblaci\u00f3n, ejemplo de ello es esta Casa de D\u00eda que permitir\u00e1 a las personas de la tercera edad, que radican en esta localidad de Temetzontla y zonas aleda\u00f1as, contar con un inmueble donde recibir\u00e1n atenci\u00f3n integral que mejore su calidad de vida.<\/p>\n","protected":false},"author":2,"featured_media":40557,"comment_status":"open","ping_status":"open","sticky":false,"template":"","format":"standard","meta":{"footnotes":""},"categories":[4],"tags":[],"class_list":["post-40556","post","type-post","status-publish","format-standard","has-post-thumbnail","hentry","category-local"],"_links":{"self":[{"href":"https:\/\/www.contextosdigital.com\/index.php?rest_route=\/wp\/v2\/posts\/40556","targetHints":{"allow":["GET"]}}],"collection":[{"href":"https:\/\/www.contextosdigital.com\/index.php?rest_route=\/wp\/v2\/posts"}],"about":[{"href":"https:\/\/www.contextosdigital.com\/index.php?rest_route=\/wp\/v2\/types\/post"}],"author":[{"embeddable":true,"href":"https:\/\/www.contextosdigital.com\/index.php?rest_route=\/wp\/v2\/users\/2"}],"replies":[{"embeddable":true,"href":"https:\/\/www.contextosdigital.com\/index.php?rest_route=%2Fwp%2Fv2%2Fcomments&post=40556"}],"version-history":[{"count":1,"href":"https:\/\/www.contextosdigital.com\/index.php?rest_route=\/wp\/v2\/posts\/40556\/revisions"}],"predecessor-version":[{"id":40558,"href":"https:\/\/www.contextosdigital.com\/index.php?rest_route=\/wp\/v2\/posts\/40556\/revisions\/40558"}],"wp:featuredmedia":[{"embeddable":true,"href":"https:\/\/www.contextosdigital.com\/index.php?rest_route=\/wp\/v2\/media\/40557"}],"wp:attachment":[{"href":"https:\/\/www.contextosdigital.com\/index.php?rest_route=%2Fwp%2Fv2%2Fmedia&parent=40556"}],"wp:term":[{"taxonomy":"category","embeddable":true,"href":"https:\/\/www.contextosdigital.com\/index.php?rest_route=%2Fwp%2Fv2%2Fcategories&post=40556"},{"taxonomy":"post_tag","embeddable":true,"href":"https:\/\/www.contextosdigital.com\/index.php?rest_route=%2Fwp%2Fv2%2Ftags&post=40556"}],"curies":[{"name":"wp","href":"https:\/\/api.w.org\/{rel}","templated":true}]}}