{"id":40550,"date":"2015-12-07T11:52:38","date_gmt":"2015-12-07T16:52:38","guid":{"rendered":"http:\/\/www.contextosdigital.com\/?p=40550"},"modified":"2015-12-07T11:52:38","modified_gmt":"2015-12-07T16:52:38","slug":"inaugura-gobierno-del-estado-feria-navidena-de-microempresarios-2015","status":"publish","type":"post","link":"https:\/\/www.contextosdigital.com\/?p=40550","title":{"rendered":"Inaugura Gobierno del Estado \u201cFeria Navide\u00f1a de Microempresarios 2015\u201d"},"content":{"rendered":"<p>Como parte de las acciones que realiza el Gobierno del Estado para promocionar la artesan\u00eda tlaxcalteca, autoridades estatales inauguraron la \u201cFeria Navide\u00f1a de Microempresarios 2015\u201d, que impulsa el Sistema Estatal de Promoci\u00f3n del Empleo y Desarrollo Comunitario (Sepuede), que permanecer\u00e1 en la Plaza Ju\u00e1rez de la capital tlaxcalteca, del 4 al 7 de diciembre.<\/p>\n<p>En esta feria participan 36 expositores provenientes de diferentes municipios de la entidad y esta acci\u00f3n se suma a otras actividades realizadas en este a\u00f1o a favor de 300 artesanos, lo que gener\u00f3 una derrama econ\u00f3mica que va de los 30 mil a los 200 mil pesos.<\/p>\n<p>Con el este trabajo de promoci\u00f3n y difusi\u00f3n realizado por la administraci\u00f3n estatal, encabezada por Mariano Gonz\u00e1lez Zarur, se reactiva la econ\u00f3mica del Estado y se generan las condiciones para que las familias tlaxcaltecas vivan mejor.<\/p>\n<p>En su oportunidad, Elizabeth B\u00e1ez Dom\u00ednguez, artesana de la \u201cFeria Navide\u00f1a de Microempresarios 2015\u201d, a nombre de sus compa\u00f1eros expositores, agradeci\u00f3 al Jefe del Ejecutivo estatal el apoyo para organizar este tipo de actividades en el que pueden mostrar sus creaciones.<\/p>\n<p>M\u00e1s tarde, funcionarios del Gobierno del Estado realizaron un recorrido por la \u201cFeria Navide\u00f1a de Microempresarios 2015\u201d, en la que tuvieron oportunidad de saludar a los artesanos expositores de La Trinidad Tenexyecac, Tizatl\u00e1n, Huamantla, Calpulalpan, San Mat\u00edas Tepetomatitl\u00e1n, Apizaco, Tlaxco, San Juan Huactzinco, Bel\u00e9n Atzizimititl\u00e1n, Tlaxcala, Chiautempan y Acuitlapilco.<\/p>\n<p>Ah\u00ed constataron los trabajos artesanales de los microempresarios, entre los que destacan: piezas en barro, bordado, deshilado, madera tallada, bisuter\u00eda con semillas, artesan\u00eda en piel, madera en resina, pinturas, tejidos con bastidor, as\u00ed como dulces t\u00edpicos, chocolate artesanal, productos de amaranto, miel y sus derivados.<\/p>\n<p>Es de mencionar que tambi\u00e9n tienen presencia productores de Atlixco, Puebla, con venta de \u00e1rboles de navidad y noche buenas.<\/p>\n<p>&nbsp;<\/p>\n","protected":false},"excerpt":{"rendered":"<p>Como parte de las acciones que realiza el Gobierno del Estado para promocionar la artesan\u00eda tlaxcalteca, autoridades estatales inauguraron la \u201cFeria Navide\u00f1a de Microempresarios 2015\u201d, que impulsa el Sistema Estatal de Promoci\u00f3n del Empleo y Desarrollo Comunitario (Sepuede), que permanecer\u00e1 en la Plaza Ju\u00e1rez de la capital tlaxcalteca, del 4 al 7 de diciembre.<br \/>\n En esta feria participan 36 expositores provenientes de diferentes municipios de la entidad y esta acci\u00f3n se suma a otras actividades realizadas en este a\u00f1o a favor de 300 artesanos, lo que gener\u00f3 una derrama econ\u00f3mica que va de los 30 mil a los 200 mil pesos.<\/p>\n","protected":false},"author":2,"featured_media":40551,"comment_status":"open","ping_status":"open","sticky":false,"template":"","format":"standard","meta":{"footnotes":""},"categories":[4],"tags":[],"class_list":["post-40550","post","type-post","status-publish","format-standard","has-post-thumbnail","hentry","category-local"],"_links":{"self":[{"href":"https:\/\/www.contextosdigital.com\/index.php?rest_route=\/wp\/v2\/posts\/40550","targetHints":{"allow":["GET"]}}],"collection":[{"href":"https:\/\/www.contextosdigital.com\/index.php?rest_route=\/wp\/v2\/posts"}],"about":[{"href":"https:\/\/www.contextosdigital.com\/index.php?rest_route=\/wp\/v2\/types\/post"}],"author":[{"embeddable":true,"href":"https:\/\/www.contextosdigital.com\/index.php?rest_route=\/wp\/v2\/users\/2"}],"replies":[{"embeddable":true,"href":"https:\/\/www.contextosdigital.com\/index.php?rest_route=%2Fwp%2Fv2%2Fcomments&post=40550"}],"version-history":[{"count":1,"href":"https:\/\/www.contextosdigital.com\/index.php?rest_route=\/wp\/v2\/posts\/40550\/revisions"}],"predecessor-version":[{"id":40552,"href":"https:\/\/www.contextosdigital.com\/index.php?rest_route=\/wp\/v2\/posts\/40550\/revisions\/40552"}],"wp:featuredmedia":[{"embeddable":true,"href":"https:\/\/www.contextosdigital.com\/index.php?rest_route=\/wp\/v2\/media\/40551"}],"wp:attachment":[{"href":"https:\/\/www.contextosdigital.com\/index.php?rest_route=%2Fwp%2Fv2%2Fmedia&parent=40550"}],"wp:term":[{"taxonomy":"category","embeddable":true,"href":"https:\/\/www.contextosdigital.com\/index.php?rest_route=%2Fwp%2Fv2%2Fcategories&post=40550"},{"taxonomy":"post_tag","embeddable":true,"href":"https:\/\/www.contextosdigital.com\/index.php?rest_route=%2Fwp%2Fv2%2Ftags&post=40550"}],"curies":[{"name":"wp","href":"https:\/\/api.w.org\/{rel}","templated":true}]}}