{"id":40538,"date":"2015-12-07T11:44:55","date_gmt":"2015-12-07T16:44:55","guid":{"rendered":"http:\/\/www.contextosdigital.com\/?p=40538"},"modified":"2015-12-07T11:44:55","modified_gmt":"2015-12-07T16:44:55","slug":"descarta-pgje-delincuencia-organizada-en-tlaxcala","status":"publish","type":"post","link":"https:\/\/www.contextosdigital.com\/?p=40538","title":{"rendered":"Descarta PGJE delincuencia organizada en Tlaxcala"},"content":{"rendered":"<p>La Procuradur\u00eda General de Justicia del Estado (PGJE) descarta que los cad\u00e1veres hallados en \u00faltimas fechas en diferentes zonas de la entidad con signos de violencia, se deban a la existencia de delincuencia organizada en el territorio tlaxcalteca, ya que las l\u00edneas de investigaci\u00f3n trazadas por la dependencia indican que los homicidios fueron perpetrados por problemas personales.<\/p>\n<p>Este es el caso de las pesquisas realizadas en tres homicidios consumados recientemente en los municipios de Nativitas, Calpulalpan y Chiautempan, respectivamente.<\/p>\n<p>Todos estos incidentes son atendidos oportunamente por la trilog\u00eda investigadora de la PGJE, conformada por agentes del Ministerio P\u00fablico, polic\u00edas de investigaci\u00f3n y peritos, quienes de acuerdo con las indagatorias pudieron determinar que los homicidios son casos aislados, sin ning\u00fan tipo de relaci\u00f3n con la delincuencia organizada.<\/p>\n<p>De igual manera, a pesar de que las indagatorias contin\u00faan abiertas, el fiscal del Ministerio P\u00fablico integrar\u00e1 los medios de prueba necesarios, a fin de actuar conforme a derecho para esclarecer los il\u00edcitos, ya que posteriormente ser\u00e1n las autoridades judiciales correspondientes quienes determinar\u00e1n las acciones a ejecutar.<\/p>\n<p>Es as\u00ed como la Procuradur\u00eda de Tlaxcala ratifica su compromiso con la sociedad para\u00a0 esclarecer los delitos que laceran a la sociedad con acciones contundentes en beneficio de la paz social.<\/p>\n","protected":false},"excerpt":{"rendered":"<p>La Procuradur\u00eda General de Justicia del Estado (PGJE) descarta que los cad\u00e1veres hallados en \u00faltimas fechas en diferentes zonas de la entidad con signos de violencia, se deban a la existencia de delincuencia organizada en el territorio tlaxcalteca, ya que las l\u00edneas de investigaci\u00f3n trazadas por la dependencia indican que los homicidios fueron perpetrados por problemas personales.<br \/>\n Este es el caso de las pesquisas realizadas en tres homicidios consumados recientemente en los municipios de Nativitas, Calpulalpan y Chiautempan, respectivamente.<\/p>\n","protected":false},"author":2,"featured_media":0,"comment_status":"open","ping_status":"open","sticky":false,"template":"","format":"standard","meta":{"footnotes":""},"categories":[4],"tags":[],"class_list":["post-40538","post","type-post","status-publish","format-standard","hentry","category-local"],"_links":{"self":[{"href":"https:\/\/www.contextosdigital.com\/index.php?rest_route=\/wp\/v2\/posts\/40538","targetHints":{"allow":["GET"]}}],"collection":[{"href":"https:\/\/www.contextosdigital.com\/index.php?rest_route=\/wp\/v2\/posts"}],"about":[{"href":"https:\/\/www.contextosdigital.com\/index.php?rest_route=\/wp\/v2\/types\/post"}],"author":[{"embeddable":true,"href":"https:\/\/www.contextosdigital.com\/index.php?rest_route=\/wp\/v2\/users\/2"}],"replies":[{"embeddable":true,"href":"https:\/\/www.contextosdigital.com\/index.php?rest_route=%2Fwp%2Fv2%2Fcomments&post=40538"}],"version-history":[{"count":1,"href":"https:\/\/www.contextosdigital.com\/index.php?rest_route=\/wp\/v2\/posts\/40538\/revisions"}],"predecessor-version":[{"id":40539,"href":"https:\/\/www.contextosdigital.com\/index.php?rest_route=\/wp\/v2\/posts\/40538\/revisions\/40539"}],"wp:attachment":[{"href":"https:\/\/www.contextosdigital.com\/index.php?rest_route=%2Fwp%2Fv2%2Fmedia&parent=40538"}],"wp:term":[{"taxonomy":"category","embeddable":true,"href":"https:\/\/www.contextosdigital.com\/index.php?rest_route=%2Fwp%2Fv2%2Fcategories&post=40538"},{"taxonomy":"post_tag","embeddable":true,"href":"https:\/\/www.contextosdigital.com\/index.php?rest_route=%2Fwp%2Fv2%2Ftags&post=40538"}],"curies":[{"name":"wp","href":"https:\/\/api.w.org\/{rel}","templated":true}]}}