{"id":40532,"date":"2015-12-04T08:51:07","date_gmt":"2015-12-04T13:51:07","guid":{"rendered":"http:\/\/www.contextosdigital.com\/?p=40532"},"modified":"2015-12-04T08:51:07","modified_gmt":"2015-12-04T13:51:07","slug":"llevo-a-cabo-la-uat-vii-foro-de-investigacion-en-salud-publica","status":"publish","type":"post","link":"https:\/\/www.contextosdigital.com\/?p=40532","title":{"rendered":"Llev\u00f3 a cabo la UAT VII Foro de Investigaci\u00f3n en Salud P\u00fablica"},"content":{"rendered":"<p>Con el objetivo de ofrecer a estudiantes y trabajadores del \u00e1rea de la salud un espacio de reflexi\u00f3n, discusi\u00f3n y exposici\u00f3n de sus trabajos de investigaci\u00f3n epidemiol\u00f3gica, operativa y cualitativa, el Mtro. Rub\u00e9n Reyes C\u00f3rdoba, Rector de la Universidad Aut\u00f3noma de Tlaxcala (UAT), inaugur\u00f3 el VII Foro de Investigaci\u00f3n en Salud P\u00fablica, organizado por la Facultad de Ciencias de la Salud.<\/p>\n<p>Teniendo como sede las instalaciones de la Infoteca Central, en donde se presentaron m\u00e1s de 30 trabajos de investigaci\u00f3n, el Mtro. Reyes C\u00f3rdoba enfatiz\u00f3 que la salud p\u00fablica busca mejorar las condiciones generales de la colectividad, promoviendo estilos de vida sanos, campa\u00f1as de sensibilizaci\u00f3n, educaci\u00f3n e investigaci\u00f3n.<\/p>\n<p>Agreg\u00f3 que las indagaciones sobre este t\u00f3pico contribuyen al conocimiento y soluci\u00f3n de los problemas que enfrenta la poblaci\u00f3n, a trav\u00e9s de la aplicaci\u00f3n de estrategias que cuentan con un s\u00f3lido soporte cient\u00edfico. Destac\u00f3 que, desde hace seis a\u00f1os, la Facultad de Ciencias de la Salud realiza este foro, contando con la participaci\u00f3n de investigadores de diversas instituciones del sector.<\/p>\n<p>Por su parte, el Mtro. Carlos Braulio Nava Cruz, Director de la Facultad, se\u00f1al\u00f3 que las indagaciones cient\u00edficas que se presentaron, son trabajos realizados por estudiantes de la Maestr\u00eda en Ciencias de la Salud P\u00fablica de la UAT, los cuales se muestran en carteles y ponencias, con los temas: Nutrici\u00f3n cl\u00ednica y poblacional; Cuidados de enfermer\u00eda en pacientes cr\u00f3nico-degenerativos; Odontolog\u00eda; Salud ambiental; Determinantes sociales y ambientales de la salud de los ni\u00f1os, adolescentes y adultos; Calidad y desempe\u00f1o de salud; por mencionar algunos.<\/p>\n<p>En este sentido, agradeci\u00f3 la contribuci\u00f3n de los investigadores proveniente de diversas dependencias para la realizaci\u00f3n del VII Foro de Investigaci\u00f3n en Salud P\u00fablica, como son: el Instituto Mexicano del Seguro Social (IMSS); el Instituto de Seguridad y Servicios Sociales de los Trabajadores del Estado (ISSSTE); y la Secretar\u00eda de Salud (SSA).<\/p>\n<p>As\u00ed como de la Universidad Nacional Aut\u00f3noma de M\u00e9xico (UNAM); la Benem\u00e9rita Universidad Aut\u00f3noma de Puebla (BUAP); la Universidad Popular Aut\u00f3noma del Estado de Puebla (UPAEP); la Universidad Veracruzana (UV); y la Universidad Aut\u00f3noma del\u00a0 Estado de M\u00e9xico (UAEM).<\/p>\n<p>En dicho evento tambi\u00e9n se cont\u00f3 con la presencia del Mtro. Antonio Durante Murillo, Secretario T\u00e9cnico; del Dr. Ernesto Meza Sierra, Secretario de Autorrealizaci\u00f3n; del Mtro. Hugo P\u00e9rez Olivares, Coordinador de la Divisi\u00f3n de Ciencias y Humanidades; del Mtro. Adolfo Cuevas S\u00e1nchez, Coordinador de la Divisi\u00f3n de Ciencias Biol\u00f3gicas; y del Dr. Ezequiel Mu\u00f1os Flores, Secretario de la Facultad de Ciencias de la Salud.<\/p>\n","protected":false},"excerpt":{"rendered":"<p>Con el objetivo de ofrecer a estudiantes y trabajadores del \u00e1rea de la salud un espacio de reflexi\u00f3n, discusi\u00f3n y exposici\u00f3n de sus trabajos de investigaci\u00f3n epidemiol\u00f3gica, operativa y cualitativa, el Mtro. Rub\u00e9n Reyes C\u00f3rdoba, Rector de la Universidad Aut\u00f3noma de Tlaxcala (UAT), inaugur\u00f3 el VII Foro de Investigaci\u00f3n en Salud P\u00fablica, organizado por la Facultad de Ciencias de la Salud.<br \/>\n Teniendo como sede las instalaciones de la Infoteca Central, en donde se presentaron m\u00e1s de 30 trabajos de investigaci\u00f3n, el Mtro. Reyes C\u00f3rdoba enfatiz\u00f3 que la salud p\u00fablica busca mejorar las condiciones generales de la colectividad, promoviendo estilos de vida sanos, campa\u00f1as de sensibilizaci\u00f3n, educaci\u00f3n e investigaci\u00f3n.<br \/>\n Agreg\u00f3 que las indagaciones sobre este t\u00f3pico contribuyen al conocimiento y soluci\u00f3n de los problemas que enfrenta la poblaci\u00f3n, a trav\u00e9s de la aplicaci\u00f3n de estrategias que cuentan con un s\u00f3lido soporte cient\u00edfico.<\/p>\n","protected":false},"author":2,"featured_media":40533,"comment_status":"open","ping_status":"open","sticky":false,"template":"","format":"standard","meta":{"footnotes":""},"categories":[4],"tags":[],"class_list":["post-40532","post","type-post","status-publish","format-standard","has-post-thumbnail","hentry","category-local"],"_links":{"self":[{"href":"https:\/\/www.contextosdigital.com\/index.php?rest_route=\/wp\/v2\/posts\/40532","targetHints":{"allow":["GET"]}}],"collection":[{"href":"https:\/\/www.contextosdigital.com\/index.php?rest_route=\/wp\/v2\/posts"}],"about":[{"href":"https:\/\/www.contextosdigital.com\/index.php?rest_route=\/wp\/v2\/types\/post"}],"author":[{"embeddable":true,"href":"https:\/\/www.contextosdigital.com\/index.php?rest_route=\/wp\/v2\/users\/2"}],"replies":[{"embeddable":true,"href":"https:\/\/www.contextosdigital.com\/index.php?rest_route=%2Fwp%2Fv2%2Fcomments&post=40532"}],"version-history":[{"count":1,"href":"https:\/\/www.contextosdigital.com\/index.php?rest_route=\/wp\/v2\/posts\/40532\/revisions"}],"predecessor-version":[{"id":40534,"href":"https:\/\/www.contextosdigital.com\/index.php?rest_route=\/wp\/v2\/posts\/40532\/revisions\/40534"}],"wp:featuredmedia":[{"embeddable":true,"href":"https:\/\/www.contextosdigital.com\/index.php?rest_route=\/wp\/v2\/media\/40533"}],"wp:attachment":[{"href":"https:\/\/www.contextosdigital.com\/index.php?rest_route=%2Fwp%2Fv2%2Fmedia&parent=40532"}],"wp:term":[{"taxonomy":"category","embeddable":true,"href":"https:\/\/www.contextosdigital.com\/index.php?rest_route=%2Fwp%2Fv2%2Fcategories&post=40532"},{"taxonomy":"post_tag","embeddable":true,"href":"https:\/\/www.contextosdigital.com\/index.php?rest_route=%2Fwp%2Fv2%2Ftags&post=40532"}],"curies":[{"name":"wp","href":"https:\/\/api.w.org\/{rel}","templated":true}]}}