{"id":40523,"date":"2015-12-04T08:47:13","date_gmt":"2015-12-04T13:47:13","guid":{"rendered":"http:\/\/www.contextosdigital.com\/?p=40523"},"modified":"2015-12-04T08:47:13","modified_gmt":"2015-12-04T13:47:13","slug":"en-chiautempan-realizan-expo-venta-navidena","status":"publish","type":"post","link":"https:\/\/www.contextosdigital.com\/?p=40523","title":{"rendered":"En Chiautempan realizan Expo venta Navide\u00f1a."},"content":{"rendered":"<p>El ayuntamiento de Chiautempan a trav\u00e9s de la direcci\u00f3n de Industria y Comercio, con la intenci\u00f3n de apoyar a productores y comerciantes locales, promueve la expoventa de productos de temporada en la \u201cFeria Navide\u00f1a 2015\u201d que se realiza del 1 al 25 de diciembre.<\/p>\n<p>As\u00ed lo inform\u00f3 \u00c1ngel Xahuentitla Pilotzi, Director del \u00e1rea de Industria y Comercio municipal, quien coment\u00f3 se asignaron de manera consensada con los vendedores, los espacios en los que estar\u00e1n funcionando, y que adem\u00e1s en coordinaci\u00f3n con las direcciones de Seguridad P\u00fablica y Protecci\u00f3n civil municipal, se garantiza la integridad tanto de comerciantes como de transe\u00fantes y compradores, implementando rondines y poniendo a su disposici\u00f3n los n\u00fameros de emergencia 46 4 20 52, 45 8 23 27 y 45 8 21 78.<\/p>\n<p>Los art\u00edculos que se podr\u00e1n encontrar en el Parque Hidalgo en un horario de 9:00 a.m a 8:00 p.m., todos los d\u00edas desde el pasado martes 1 de diciembre y hasta el pr\u00f3ximo viernes 25 de diciembre, ser\u00e1n aquellos que sirven para adornar el hogar en esta \u00e9poca decembrina, tales como nacimientos, dulces, velas y art\u00edculos para posadas, series de luces navide\u00f1as, pi\u00f1atas, esferas, \u00e1rboles navide\u00f1os, etc.<\/p>\n<p>Con ello m\u00e1s de 70 comerciantes estar\u00e1n acercando a todos los y las Chiautempenses productos de la mejor calidad y al mejor precio en la explanada del parque Miguel Hidalgo, ubicado en la zona centro de la ciudad sarapera.<\/p>\n<p>Algunos expositores reconocieron y agradecieron que para este a\u00f1o el presidente municipal Antonio Mendoza Romero haya autorizado su instalaci\u00f3n en la zona centro de la ciudad Chiautempense.<\/p>\n","protected":false},"excerpt":{"rendered":"<p>El ayuntamiento de Chiautempan a trav\u00e9s de la direcci\u00f3n de Industria y Comercio, con la intenci\u00f3n de apoyar a productores y comerciantes locales, promueve la expoventa de productos de temporada en la \u201cFeria Navide\u00f1a 2015\u201d que se realiza del 1 al 25 de diciembre.<br \/>\nAs\u00ed lo inform\u00f3 \u00c1ngel Xahuentitla Pilotzi, Director del \u00e1rea de Industria y Comercio municipal, quien coment\u00f3 se asignaron de manera consensada con los vendedores, los espacios en los que estar\u00e1n funcionando, y que adem\u00e1s en coordinaci\u00f3n con las direcciones de Seguridad P\u00fablica y Protecci\u00f3n civil municipal, se garantiza la integridad tanto de comerciantes como de transe\u00fantes y compradores, implementando rondines y poniendo a su disposici\u00f3n los n\u00fameros de emergencia 46 4 20 52, 45 8 23 27 y 45 8 21 78.  <\/p>\n","protected":false},"author":2,"featured_media":40524,"comment_status":"open","ping_status":"open","sticky":false,"template":"","format":"standard","meta":{"footnotes":""},"categories":[4],"tags":[],"class_list":["post-40523","post","type-post","status-publish","format-standard","has-post-thumbnail","hentry","category-local"],"_links":{"self":[{"href":"https:\/\/www.contextosdigital.com\/index.php?rest_route=\/wp\/v2\/posts\/40523","targetHints":{"allow":["GET"]}}],"collection":[{"href":"https:\/\/www.contextosdigital.com\/index.php?rest_route=\/wp\/v2\/posts"}],"about":[{"href":"https:\/\/www.contextosdigital.com\/index.php?rest_route=\/wp\/v2\/types\/post"}],"author":[{"embeddable":true,"href":"https:\/\/www.contextosdigital.com\/index.php?rest_route=\/wp\/v2\/users\/2"}],"replies":[{"embeddable":true,"href":"https:\/\/www.contextosdigital.com\/index.php?rest_route=%2Fwp%2Fv2%2Fcomments&post=40523"}],"version-history":[{"count":1,"href":"https:\/\/www.contextosdigital.com\/index.php?rest_route=\/wp\/v2\/posts\/40523\/revisions"}],"predecessor-version":[{"id":40525,"href":"https:\/\/www.contextosdigital.com\/index.php?rest_route=\/wp\/v2\/posts\/40523\/revisions\/40525"}],"wp:featuredmedia":[{"embeddable":true,"href":"https:\/\/www.contextosdigital.com\/index.php?rest_route=\/wp\/v2\/media\/40524"}],"wp:attachment":[{"href":"https:\/\/www.contextosdigital.com\/index.php?rest_route=%2Fwp%2Fv2%2Fmedia&parent=40523"}],"wp:term":[{"taxonomy":"category","embeddable":true,"href":"https:\/\/www.contextosdigital.com\/index.php?rest_route=%2Fwp%2Fv2%2Fcategories&post=40523"},{"taxonomy":"post_tag","embeddable":true,"href":"https:\/\/www.contextosdigital.com\/index.php?rest_route=%2Fwp%2Fv2%2Ftags&post=40523"}],"curies":[{"name":"wp","href":"https:\/\/api.w.org\/{rel}","templated":true}]}}