{"id":40514,"date":"2015-12-04T08:43:10","date_gmt":"2015-12-04T13:43:10","guid":{"rendered":"http:\/\/www.contextosdigital.com\/?p=40514"},"modified":"2015-12-04T08:43:10","modified_gmt":"2015-12-04T13:43:10","slug":"participo-compania-de-artes-escenicas-de-tenancingo-en-festival-cultural-poblano","status":"publish","type":"post","link":"https:\/\/www.contextosdigital.com\/?p=40514","title":{"rendered":"Particip\u00f3 compa\u00f1\u00eda de artes esc\u00e9nicas de Tenancingo en festival cultural poblano"},"content":{"rendered":"<p>Gracias al apoyo brindado por el Gobierno del Estado a la Compa\u00f1\u00eda de Artes Esc\u00e9nicas de Tenancingo, con gran \u00e9xito se present\u00f3 en el encuentro art\u00edstico \u201cEl Universo de la Milpa Tradicional\u201d, realizado en Tehuac\u00e1n, Puebla.<\/p>\n<p>En esta ocasi\u00f3n, la Compa\u00f1\u00eda de Artes Esc\u00e9nicas particip\u00f3 con la obra \u201cRosete y su Pandilla\u201d, puesta en escena inspirada en la famosa familia dedicada al arte titeril, que estuvo a cargo de un total de 40 ni\u00f1os y j\u00f3venes, originarios de Tenancingo, quienes forman parte de este colectivo.<\/p>\n<p>Carmen Rodr\u00edguez S\u00e1nchez, directora de esta compa\u00f1\u00eda, enfatiz\u00f3 que presentar esta obra fuera de la entidad es motivo de orgullo, pues representa una oportunidad de mostrar el talento que existe en este municipio, as\u00ed como de difundir el legado de los Rosete Aranda.<\/p>\n<p>Asimismo, destac\u00f3 que gracias al respaldo del Jefe del Ejecutivo estatal, Mariano Gonz\u00e1lez Zarur y del Consejo Nacional para la Cultura y las Artes (Conaculta) este colectivo cada vez cuenta con integrantes mejor preparados, lo que les ha valido el reconocimiento, fuera de su municipio y de la entidad, sobre su desempe\u00f1o<\/p>\n<p>Cabe mencionar que en este encuentro organizado por el Conaculta, adem\u00e1s de\u00a0 presentaciones teatrales, se realizaron diversas actividades art\u00edsticas,\u00a0 acad\u00e9micas, cient\u00edficas y de libros, as\u00ed como conciertos.<\/p>\n<p>\u201cEl Universo de la Milpa Tradicional\u201d cont\u00f3 con una participaci\u00f3n de 10 Estados de la Rep\u00fablica, entre ellos Tlaxcala, representada por la exitosa Compa\u00f1\u00eda de Artes Esc\u00e9nicas de Tenancingo.<\/p>\n","protected":false},"excerpt":{"rendered":"<p>Gracias al apoyo brindado por el Gobierno del Estado a la Compa\u00f1\u00eda de Artes Esc\u00e9nicas de Tenancingo, con gran \u00e9xito se present\u00f3 en el encuentro art\u00edstico \u201cEl Universo de la Milpa Tradicional\u201d, realizado en Tehuac\u00e1n, Puebla.<br \/>\nEn esta ocasi\u00f3n, la Compa\u00f1\u00eda de Artes Esc\u00e9nicas particip\u00f3 con la obra \u201cRosete y su Pandilla\u201d, puesta en escena inspirada en la famosa familia dedicada al arte titeril, que estuvo a cargo de un total de 40 ni\u00f1os y j\u00f3venes, originarios de Tenancingo, quienes forman parte de este colectivo.<\/p>\n","protected":false},"author":2,"featured_media":40515,"comment_status":"open","ping_status":"open","sticky":false,"template":"","format":"standard","meta":{"footnotes":""},"categories":[4],"tags":[],"class_list":["post-40514","post","type-post","status-publish","format-standard","has-post-thumbnail","hentry","category-local"],"_links":{"self":[{"href":"https:\/\/www.contextosdigital.com\/index.php?rest_route=\/wp\/v2\/posts\/40514","targetHints":{"allow":["GET"]}}],"collection":[{"href":"https:\/\/www.contextosdigital.com\/index.php?rest_route=\/wp\/v2\/posts"}],"about":[{"href":"https:\/\/www.contextosdigital.com\/index.php?rest_route=\/wp\/v2\/types\/post"}],"author":[{"embeddable":true,"href":"https:\/\/www.contextosdigital.com\/index.php?rest_route=\/wp\/v2\/users\/2"}],"replies":[{"embeddable":true,"href":"https:\/\/www.contextosdigital.com\/index.php?rest_route=%2Fwp%2Fv2%2Fcomments&post=40514"}],"version-history":[{"count":1,"href":"https:\/\/www.contextosdigital.com\/index.php?rest_route=\/wp\/v2\/posts\/40514\/revisions"}],"predecessor-version":[{"id":40516,"href":"https:\/\/www.contextosdigital.com\/index.php?rest_route=\/wp\/v2\/posts\/40514\/revisions\/40516"}],"wp:featuredmedia":[{"embeddable":true,"href":"https:\/\/www.contextosdigital.com\/index.php?rest_route=\/wp\/v2\/media\/40515"}],"wp:attachment":[{"href":"https:\/\/www.contextosdigital.com\/index.php?rest_route=%2Fwp%2Fv2%2Fmedia&parent=40514"}],"wp:term":[{"taxonomy":"category","embeddable":true,"href":"https:\/\/www.contextosdigital.com\/index.php?rest_route=%2Fwp%2Fv2%2Fcategories&post=40514"},{"taxonomy":"post_tag","embeddable":true,"href":"https:\/\/www.contextosdigital.com\/index.php?rest_route=%2Fwp%2Fv2%2Ftags&post=40514"}],"curies":[{"name":"wp","href":"https:\/\/api.w.org\/{rel}","templated":true}]}}