{"id":40506,"date":"2015-12-04T08:38:04","date_gmt":"2015-12-04T13:38:04","guid":{"rendered":"http:\/\/www.contextosdigital.com\/?p=40506"},"modified":"2015-12-04T08:38:04","modified_gmt":"2015-12-04T13:38:04","slug":"integra-policia-capitalina-el-comite-vecinal-de-seguridad-en-la-colonia-san-isidro","status":"publish","type":"post","link":"https:\/\/www.contextosdigital.com\/?p=40506","title":{"rendered":"Integra polic\u00eda capitalina el Comit\u00e9 Vecinal de Seguridad en la Colonia San Isidro"},"content":{"rendered":"<p>Elementos de la Direcci\u00f3n de Seguridad P\u00fablica, Vialidad y Protecci\u00f3n Civil Municipal de Tlaxcala e integrantes del Comit\u00e9 de Seguridad Vecinal, establecieron acuerdos para inhibir las acciones delictivas en la colonia San Isidro de la Capital del Estado.<\/p>\n<p>Raymundo Fragoso Mu\u00f1oz, titular de la Polic\u00eda Capitalina, puntualiz\u00f3 que con la presencia del Delegado de la Colonia San Isidro, Fausto Melit\u00f3n Rodr\u00edguez Cortez; los elementos municipales adscritos a la Unidad de Proximidad Social y Mediaci\u00f3n Comunitaria conformaron el \u00f3rgano ciudadano n\u00famero 55.<\/p>\n<p>Resalt\u00f3 que la reuni\u00f3n los integrantes fueron dotados con chalecos que los identifican como parte del comit\u00e9 de seguridad Vecinal, que estar\u00e1n pendientes de mantener la armon\u00eda en las calles, y velar por la integridad de sus familias y el patrimonio de sus hogares, con el respaldo de las fuerzas Municipales de Tlaxcala.<\/p>\n<p>Fragoso Mu\u00f1oz asever\u00f3 que en el encuentro se exhort\u00f3 a los ciudadanos a reportar a personas o veh\u00edculos sospechosos circulando por su colonia y a denunciar cuando sean testigos de alg\u00fan acto delictivo, \u201cya que los vecinos son los mejores ojos para que los elementos de la polic\u00eda municipal act\u00faen para bajar los \u00edndices delictivos en la ciudad de Tlaxcala\u201d.<\/p>\n<p>El titular de la Polic\u00eda Capitalina manifest\u00f3 que en la administraci\u00f3n que encabeza Adolfo Escobar Jard\u00ednez, reforzar la seguridad p\u00fablica en las comunidades y delegaciones es tarea permanente; por lo que los tel\u00e9fonos de la Polic\u00eda del Municipio de Tlaxcala 01 800 890 24 30 \u00f3 46 6 65 27, WhatsApp 246 49 3 91 60, as\u00ed como al n\u00famero de emergencia 066 est\u00e1n a disposici\u00f3n para toda denuncia o emergencia.<\/p>\n<p>Caber se\u00f1alar que en la reuni\u00f3n se entregaron lonas con los n\u00fameros de denuncia de las instituciones de seguridad p\u00fablica, y la leyenda de que la Colonia San Isidro est\u00e1 protegida por Vecinos Vigilantes.<\/p>\n","protected":false},"excerpt":{"rendered":"<p>Elementos de la Direcci\u00f3n de Seguridad P\u00fablica, Vialidad y Protecci\u00f3n Civil Municipal de Tlaxcala e integrantes del Comit\u00e9 de Seguridad Vecinal, establecieron acuerdos para inhibir las acciones delictivas en la colonia San Isidro de la Capital del Estado.<br \/>\nRaymundo Fragoso Mu\u00f1oz, titular de la Polic\u00eda Capitalina, puntualiz\u00f3 que con la presencia del Delegado de la Colonia San Isidro, Fausto Melit\u00f3n Rodr\u00edguez Cortez; los elementos municipales adscritos a la Unidad de Proximidad Social y Mediaci\u00f3n Comunitaria conformaron el \u00f3rgano ciudadano n\u00famero 55.<\/p>\n","protected":false},"author":2,"featured_media":40507,"comment_status":"open","ping_status":"open","sticky":false,"template":"","format":"standard","meta":{"footnotes":""},"categories":[4],"tags":[],"class_list":["post-40506","post","type-post","status-publish","format-standard","has-post-thumbnail","hentry","category-local"],"_links":{"self":[{"href":"https:\/\/www.contextosdigital.com\/index.php?rest_route=\/wp\/v2\/posts\/40506","targetHints":{"allow":["GET"]}}],"collection":[{"href":"https:\/\/www.contextosdigital.com\/index.php?rest_route=\/wp\/v2\/posts"}],"about":[{"href":"https:\/\/www.contextosdigital.com\/index.php?rest_route=\/wp\/v2\/types\/post"}],"author":[{"embeddable":true,"href":"https:\/\/www.contextosdigital.com\/index.php?rest_route=\/wp\/v2\/users\/2"}],"replies":[{"embeddable":true,"href":"https:\/\/www.contextosdigital.com\/index.php?rest_route=%2Fwp%2Fv2%2Fcomments&post=40506"}],"version-history":[{"count":1,"href":"https:\/\/www.contextosdigital.com\/index.php?rest_route=\/wp\/v2\/posts\/40506\/revisions"}],"predecessor-version":[{"id":40508,"href":"https:\/\/www.contextosdigital.com\/index.php?rest_route=\/wp\/v2\/posts\/40506\/revisions\/40508"}],"wp:featuredmedia":[{"embeddable":true,"href":"https:\/\/www.contextosdigital.com\/index.php?rest_route=\/wp\/v2\/media\/40507"}],"wp:attachment":[{"href":"https:\/\/www.contextosdigital.com\/index.php?rest_route=%2Fwp%2Fv2%2Fmedia&parent=40506"}],"wp:term":[{"taxonomy":"category","embeddable":true,"href":"https:\/\/www.contextosdigital.com\/index.php?rest_route=%2Fwp%2Fv2%2Fcategories&post=40506"},{"taxonomy":"post_tag","embeddable":true,"href":"https:\/\/www.contextosdigital.com\/index.php?rest_route=%2Fwp%2Fv2%2Ftags&post=40506"}],"curies":[{"name":"wp","href":"https:\/\/api.w.org\/{rel}","templated":true}]}}