{"id":40495,"date":"2015-12-03T09:36:34","date_gmt":"2015-12-03T14:36:34","guid":{"rendered":"http:\/\/www.contextosdigital.com\/?p=40495"},"modified":"2015-12-03T09:36:34","modified_gmt":"2015-12-03T14:36:34","slug":"respalda-mgz-acciones-presidenciales-a-favor-de-ninas-ninos-y-adolescentes","status":"publish","type":"post","link":"https:\/\/www.contextosdigital.com\/?p=40495","title":{"rendered":"Respalda MGZ acciones presidenciales a favor de ni\u00f1as, ni\u00f1os y adolescentes"},"content":{"rendered":"<p>El Gobernador del Estado, Mariano Gonz\u00e1lez Zarur, asisti\u00f3 a la ceremonia de instalaci\u00f3n del Sistema Nacional de Protecci\u00f3n Integral de Ni\u00f1as, Ni\u00f1os y Adolescentes que encabez\u00f3 este mi\u00e9rcoles el Presidente de la Rep\u00fablica, Enrique Pe\u00f1a Nieto, con lo que demuestra su compromiso e inter\u00e9s por\u00a0 trabajar a favor del desarrollo y bienestar integral de este sector de la poblaci\u00f3n.<\/p>\n<p>En el evento, celebrado en la Residencia Oficial de Los Pinos, el Mandatario tlaxcalteca coincidi\u00f3 con el Presidente Pe\u00f1a en que es obligaci\u00f3n de los distintos \u00f3rdenes de Gobierno garantizar a la ni\u00f1ez y juventud mexicana las condiciones necesarias para su sano crecimiento y formaci\u00f3n, por ello la necesidad de instituir este sistema que busca conjuntar esfuerzos hacia este objetivo.<\/p>\n<p>De esta manera, Enrique Pe\u00f1a \u2013quien en esta ocasi\u00f3n estuvo acompa\u00f1ado por su esposa, la Se\u00f1ora Ang\u00e9lica Rivera de Pe\u00f1a, Presidenta Honoraria del Consejo Consultivo Ciudadano del Sistema Nacional DIF- asever\u00f3 que con este nuevo organismo, M\u00e9xico avanza hacia una sociedad de derechos y de igualdad; asimismo, puntualiz\u00f3 que a partir de ahora se fijar\u00e1n prioridades que permitan alcanzar las metas que persigue tal sistema.<\/p>\n<p>Tambi\u00e9n se trabajar\u00e1 en la elaboraci\u00f3n de un programa nacional de protecci\u00f3n integral a la ni\u00f1ez y juventud, en el que\u00a0 se involucren directamente las autoridades estatales.<\/p>\n<p>Adem\u00e1s, se prev\u00e9 la creaci\u00f3n de una base de datos, con apoyo del Instituto Nacional de Geograf\u00eda y Estad\u00edstica (Inegi) que permitir\u00e1 medir y evaluar las acciones de las instituciones gubernamentales a favor de los menores, as\u00ed como\u00a0 la armonizaci\u00f3n del marco legal con la\u00a0 Ley General de los Derechos de Ni\u00f1as, Ni\u00f1os y Adolescentes, de la que deriv\u00f3 la creaci\u00f3n del Sistema Nacional en esta materia.<\/p>\n<p>Ante estas prioridades, el Gobernador de Tlaxcala, quien asisti\u00f3 al evento en compa\u00f1\u00eda de la Presidente Honor\u00edfica del Sistema Estatal para el Desarrollo Integral de la Familia (DIF), Mariana Gonz\u00e1lez Foullon, refrend\u00f3 el compromiso de trabajar en sinton\u00eda con la administraci\u00f3n federal para priorizar el cumplimiento de los derechos de los infantes y adolescentes, al igual que generar pol\u00edticas p\u00fablicas que den una atenci\u00f3n integral a este sector.<\/p>\n<p>A este evento acudi\u00f3 la representante en M\u00e9xico del Fondo de las Naciones Unidas para la Infancia (Unicef), Isabel Crowley, quien afirm\u00f3 que con la instalaci\u00f3n del Sistema Nacional de Protecci\u00f3n Integral de Ni\u00f1as, Ni\u00f1os y Adolescentes, M\u00e9xico da un importante paso en materia de derechos humanos.<\/p>\n<p>Cabe mencionar que tambi\u00e9n estuvieron presentes el secretario de Gobernaci\u00f3n, Miguel \u00c1ngel Osorio Chong; el presidente de la Comisi\u00f3n Nacional de Derechos Humanos, Luis Ra\u00fal Gonz\u00e1lez P\u00e9rez; los presidentes de la Comisi\u00f3n de Derechos de la Ni\u00f1ez y Adolescencia, en la C\u00e1mara de Diputados y en la C\u00e1mara de Senadores,\u00a0 Salvador Valencia Guzm\u00e1n y Martha Elena Garc\u00eda G\u00f3mez, respectivamente.<\/p>\n<p>Al igual que los Gobernadores de otras entidades, presidentas de los DIF estatales, as\u00ed como menores representantes de diversos estados de la Rep\u00fablica.<\/p>\n","protected":false},"excerpt":{"rendered":"<p>El Gobernador del Estado, Mariano Gonz\u00e1lez Zarur, asisti\u00f3 a la ceremonia de instalaci\u00f3n del Sistema Nacional de Protecci\u00f3n Integral de Ni\u00f1as, Ni\u00f1os y Adolescentes que encabez\u00f3 este mi\u00e9rcoles el Presidente de la Rep\u00fablica, Enrique Pe\u00f1a Nieto, con lo que demuestra su compromiso e inter\u00e9s por  trabajar a favor del desarrollo y bienestar integral de este sector de la poblaci\u00f3n.<br \/>\nEn el evento, celebrado en la Residencia Oficial de Los Pinos, el Mandatario tlaxcalteca coincidi\u00f3 con el Presidente Pe\u00f1a en que es obligaci\u00f3n de los distintos \u00f3rdenes de Gobierno garantizar a la ni\u00f1ez y juventud mexicana las condiciones necesarias para su sano crecimiento y formaci\u00f3n, por ello la necesidad de instituir este sistema que busca conjuntar esfuerzos hacia este objetivo.<\/p>\n","protected":false},"author":2,"featured_media":40496,"comment_status":"open","ping_status":"open","sticky":false,"template":"","format":"standard","meta":{"footnotes":""},"categories":[4],"tags":[],"class_list":["post-40495","post","type-post","status-publish","format-standard","has-post-thumbnail","hentry","category-local"],"_links":{"self":[{"href":"https:\/\/www.contextosdigital.com\/index.php?rest_route=\/wp\/v2\/posts\/40495","targetHints":{"allow":["GET"]}}],"collection":[{"href":"https:\/\/www.contextosdigital.com\/index.php?rest_route=\/wp\/v2\/posts"}],"about":[{"href":"https:\/\/www.contextosdigital.com\/index.php?rest_route=\/wp\/v2\/types\/post"}],"author":[{"embeddable":true,"href":"https:\/\/www.contextosdigital.com\/index.php?rest_route=\/wp\/v2\/users\/2"}],"replies":[{"embeddable":true,"href":"https:\/\/www.contextosdigital.com\/index.php?rest_route=%2Fwp%2Fv2%2Fcomments&post=40495"}],"version-history":[{"count":1,"href":"https:\/\/www.contextosdigital.com\/index.php?rest_route=\/wp\/v2\/posts\/40495\/revisions"}],"predecessor-version":[{"id":40497,"href":"https:\/\/www.contextosdigital.com\/index.php?rest_route=\/wp\/v2\/posts\/40495\/revisions\/40497"}],"wp:featuredmedia":[{"embeddable":true,"href":"https:\/\/www.contextosdigital.com\/index.php?rest_route=\/wp\/v2\/media\/40496"}],"wp:attachment":[{"href":"https:\/\/www.contextosdigital.com\/index.php?rest_route=%2Fwp%2Fv2%2Fmedia&parent=40495"}],"wp:term":[{"taxonomy":"category","embeddable":true,"href":"https:\/\/www.contextosdigital.com\/index.php?rest_route=%2Fwp%2Fv2%2Fcategories&post=40495"},{"taxonomy":"post_tag","embeddable":true,"href":"https:\/\/www.contextosdigital.com\/index.php?rest_route=%2Fwp%2Fv2%2Ftags&post=40495"}],"curies":[{"name":"wp","href":"https:\/\/api.w.org\/{rel}","templated":true}]}}