{"id":40492,"date":"2015-12-03T09:35:22","date_gmt":"2015-12-03T14:35:22","guid":{"rendered":"http:\/\/www.contextosdigital.com\/?p=40492"},"modified":"2015-12-03T09:35:22","modified_gmt":"2015-12-03T14:35:22","slug":"con-una-feria-de-servicios-conmemora-gobierno-del-estado-dia-internacional-de-la-discapacidad","status":"publish","type":"post","link":"https:\/\/www.contextosdigital.com\/?p=40492","title":{"rendered":"Con una feria de servicios, conmemora gobierno del estado \u201cD\u00eda Internacional de la Discapacidad\u201d"},"content":{"rendered":"<p>El Gobierno del Estado conmemor\u00f3 este mi\u00e9rcoles el \u201cD\u00eda Internacional de la Discapacidad\u201d con la celebraci\u00f3n de la Segunda Feria de Servicios, que est\u00e1 encaminada a lograr que este sector de la poblaci\u00f3n tenga acceso a una atenci\u00f3n integral que coadyuve a su bienestar.<\/p>\n<p>Esta feria tuvo lugar en las instalaciones del Centro de Rehabilitaci\u00f3n Integral (CRI) en Apizaco, donde se congregaron representantes de diversas dependencias estatales, es el caso de la Secretar\u00eda de Salud (Sesa), los institutos Tlaxcaltecas para Personas con Discapacidad (Itpcd), para la Educaci\u00f3n de los Adultos (Itea) y la Coordinaci\u00f3n Estatal del Registro Civil (Cerc).<\/p>\n<p>Al igual que dependencias federales como los institutos\u00a0 Nacional de las Personas Adultas Mayores (Inapam), de\u00a0 Seguridad y Servicios Sociales de los Trabajadores del Estado (Issste), Mexicano del Seguro Social (Imss), Liconsa y Diconsa.<\/p>\n<p>Durante el evento, la titular del CRI, Antonieta Ord\u00f3\u00f1ez Carrera, enfatiz\u00f3 que la administraci\u00f3n que encabeza Mariano Gonz\u00e1lez Zarur realiza un trabajo coordinado, a fin de asegurar a las personas con discapacidad una vida plena, as\u00ed como el respeto irrestricto a sus garant\u00edas.<\/p>\n<p>Por otra parte, la funcionaria se\u00f1al\u00f3 que es el 3 de diciembre cuando, a nivel internacional y por iniciativa de la Organizaci\u00f3n de la Naciones Unidas (ONU),\u00a0 se conmemora el \u201cD\u00eda Internacional de la Discapacidad\u201d, por lo que el Gobierno del Estado se une a esta celebraci\u00f3n al acercar una variedad de servicios en favor de los tlaxcaltecas.<\/p>\n<p>En su intervenci\u00f3n, el secretario de Salud en la entidad, Alejandro Guarneros Chumacero, asever\u00f3 que la instrucci\u00f3n del Mandatario Gonz\u00e1lez Zarur es que las personas con discapacidad en Tlaxcala reciban atenci\u00f3n de calidad y de calidez, principios que cumplen cada una de las dependencias estatales, manifest\u00f3.<\/p>\n<p>Como ejemplo del compromiso del Gobierno estatal con el bienestar de la ciudadan\u00eda, el secretario cit\u00f3 los nuevos servicios que ahora otorga el CRI como lo es la magnetoterapia y diatermia que este d\u00eda entraron en operaci\u00f3n y que enriquecen la gama de terapias que brindan a los usuarios en beneficio de adaptaci\u00f3n a la vida cotidiana.<\/p>\n<p>A nombre de este sector de la poblaci\u00f3n, Mar\u00eda Guadalupe Dur\u00e1n Matamoros agradeci\u00f3 el inter\u00e9s y apoyo que les ha demostrado el actual Gobierno del Estado, y expres\u00f3 que a pesar de los obst\u00e1culos a los que se enfrentan, las personas con discapacidad\u00a0 son capaces de desempe\u00f1arse en cualquier \u00e1mbito<\/p>\n<p>Al evento asistieron Germ\u00e1n Mendoza Rivera, jefe de la unidad de Asistencia e Integraci\u00f3n Social del DIF nacional; P\u00eda Murrieta Saukko, titular de la Beneficencia P\u00fablica Estatal, Liliana Lezama Carrasco, directora del DIF estatal; presidentas y directoras de los DIF municipales, encargadas de las Unidades B\u00e1sicas de Rehabilitaci\u00f3n (UBR) y p\u00fablico en general.<\/p>\n","protected":false},"excerpt":{"rendered":"<p>El Gobierno del Estado conmemor\u00f3 este mi\u00e9rcoles el \u201cD\u00eda Internacional de la Discapacidad\u201d con la celebraci\u00f3n de la Segunda Feria de Servicios, que est\u00e1 encaminada a lograr que este sector de la poblaci\u00f3n tenga acceso a una atenci\u00f3n integral que coadyuve a su bienestar.<br \/>\nEsta feria tuvo lugar en las instalaciones del Centro de Rehabilitaci\u00f3n Integral (CRI) en Apizaco, donde se congregaron representantes de diversas dependencias estatales, es el caso de la Secretar\u00eda de Salud (Sesa), los institutos Tlaxcaltecas para Personas con Discapacidad (Itpcd), para la Educaci\u00f3n de los Adultos (Itea) y la Coordinaci\u00f3n Estatal del Registro Civil (Cerc).<\/p>\n","protected":false},"author":2,"featured_media":40493,"comment_status":"open","ping_status":"open","sticky":false,"template":"","format":"standard","meta":{"footnotes":""},"categories":[4],"tags":[],"class_list":["post-40492","post","type-post","status-publish","format-standard","has-post-thumbnail","hentry","category-local"],"_links":{"self":[{"href":"https:\/\/www.contextosdigital.com\/index.php?rest_route=\/wp\/v2\/posts\/40492","targetHints":{"allow":["GET"]}}],"collection":[{"href":"https:\/\/www.contextosdigital.com\/index.php?rest_route=\/wp\/v2\/posts"}],"about":[{"href":"https:\/\/www.contextosdigital.com\/index.php?rest_route=\/wp\/v2\/types\/post"}],"author":[{"embeddable":true,"href":"https:\/\/www.contextosdigital.com\/index.php?rest_route=\/wp\/v2\/users\/2"}],"replies":[{"embeddable":true,"href":"https:\/\/www.contextosdigital.com\/index.php?rest_route=%2Fwp%2Fv2%2Fcomments&post=40492"}],"version-history":[{"count":1,"href":"https:\/\/www.contextosdigital.com\/index.php?rest_route=\/wp\/v2\/posts\/40492\/revisions"}],"predecessor-version":[{"id":40494,"href":"https:\/\/www.contextosdigital.com\/index.php?rest_route=\/wp\/v2\/posts\/40492\/revisions\/40494"}],"wp:featuredmedia":[{"embeddable":true,"href":"https:\/\/www.contextosdigital.com\/index.php?rest_route=\/wp\/v2\/media\/40493"}],"wp:attachment":[{"href":"https:\/\/www.contextosdigital.com\/index.php?rest_route=%2Fwp%2Fv2%2Fmedia&parent=40492"}],"wp:term":[{"taxonomy":"category","embeddable":true,"href":"https:\/\/www.contextosdigital.com\/index.php?rest_route=%2Fwp%2Fv2%2Fcategories&post=40492"},{"taxonomy":"post_tag","embeddable":true,"href":"https:\/\/www.contextosdigital.com\/index.php?rest_route=%2Fwp%2Fv2%2Ftags&post=40492"}],"curies":[{"name":"wp","href":"https:\/\/api.w.org\/{rel}","templated":true}]}}