{"id":40480,"date":"2015-12-03T09:28:18","date_gmt":"2015-12-03T14:28:18","guid":{"rendered":"http:\/\/www.contextosdigital.com\/?p=40480"},"modified":"2015-12-03T09:28:18","modified_gmt":"2015-12-03T14:28:18","slug":"realizan-sesa-y-seguro-popular-talleres-para-fortalecer-servicios-medicos-en-la-entidad","status":"publish","type":"post","link":"https:\/\/www.contextosdigital.com\/?p=40480","title":{"rendered":"Realizan SESA y Seguro Popular talleres para fortalecer servicios m\u00e9dicos en la entidad"},"content":{"rendered":"<p>A fin de fortalecer el acceso a los servicios m\u00e9dicos en la entidad, la Secretar\u00eda de Salud (Sesa) y el R\u00e9gimen Estatal de Protecci\u00f3n Social en Salud (Repss), mejor conocido como Seguro Popular, llevan a cabo talleres dirigidos a los trabajadores de este sector, autoridades municipales, as\u00ed como a la ciudadan\u00eda en general, en los que se brinda informaci\u00f3n general sobre este esquema y sus beneficios.<\/p>\n<p>De esta forma, la administraci\u00f3n que encabeza Mariano Gonz\u00e1lez Zarur trabaja para garantizar el acceso universal a servicios m\u00e9dicos gratuitos, de calidad y con calidez, pues de esta forma cada d\u00eda los tlaxcaltecas gozan de un mejor nivel de vida.<\/p>\n<p>Durante estos talleres se difunde la importancia de contar con la p\u00f3liza del Seguro Popular y se explica el proceso de atenci\u00f3n en las unidades m\u00e9dicas de cada localidad, pues con ello se asegura que la ciudadan\u00eda haga un uso adecuado, que verdaderamente cubra sus necesidades.<\/p>\n<p>Asimismo, la dependencia detall\u00f3 que en cada una de las sesiones se lleva a cabo un ejercicio de consenso para conocer los puntos de vista de los participantes sobre temas clave como la red de servicios del Seguro Popular, y su opini\u00f3n sobre el personal que lo conforma.<\/p>\n<p>Es as\u00ed como las quejas, solicitudes y peticiones se transforman en estrategias y proyectos para mejorar el sistema de salud a favor de la poblaci\u00f3n.<\/p>\n<p>Todo ello en corresponsabilidad con las comunidades, unidades m\u00e9dicas, jurisdicciones sanitarias, oficinas centrales y Seguro popular.<\/p>\n<p>Con estas acciones, aunado a la rehabilitaci\u00f3n, mejora y equipamiento de las unidades m\u00e9dicas alrededor de la geograf\u00eda estatal, el Gobierno de Mariano Gonz\u00e1lez Zarur atiende uno de los sectores prioritarios para el bienestar social que es la salud.<\/p>\n","protected":false},"excerpt":{"rendered":"<p>A fin de fortalecer el acceso a los servicios m\u00e9dicos en la entidad, la Secretar\u00eda de Salud (Sesa) y el R\u00e9gimen Estatal de Protecci\u00f3n Social en Salud (Repss), mejor conocido como Seguro Popular, llevan a cabo talleres dirigidos a los trabajadores de este sector, autoridades municipales, as\u00ed como a la ciudadan\u00eda en general, en los que se brinda informaci\u00f3n general sobre este esquema y sus beneficios.<br \/>\nDe esta forma, la administraci\u00f3n que encabeza Mariano Gonz\u00e1lez Zarur trabaja para garantizar el acceso universal a servicios m\u00e9dicos gratuitos, de calidad y con calidez, pues de esta forma cada d\u00eda los tlaxcaltecas gozan de un mejor nivel de vida.<\/p>\n","protected":false},"author":2,"featured_media":0,"comment_status":"open","ping_status":"open","sticky":false,"template":"","format":"standard","meta":{"footnotes":""},"categories":[4],"tags":[],"class_list":["post-40480","post","type-post","status-publish","format-standard","hentry","category-local"],"_links":{"self":[{"href":"https:\/\/www.contextosdigital.com\/index.php?rest_route=\/wp\/v2\/posts\/40480","targetHints":{"allow":["GET"]}}],"collection":[{"href":"https:\/\/www.contextosdigital.com\/index.php?rest_route=\/wp\/v2\/posts"}],"about":[{"href":"https:\/\/www.contextosdigital.com\/index.php?rest_route=\/wp\/v2\/types\/post"}],"author":[{"embeddable":true,"href":"https:\/\/www.contextosdigital.com\/index.php?rest_route=\/wp\/v2\/users\/2"}],"replies":[{"embeddable":true,"href":"https:\/\/www.contextosdigital.com\/index.php?rest_route=%2Fwp%2Fv2%2Fcomments&post=40480"}],"version-history":[{"count":1,"href":"https:\/\/www.contextosdigital.com\/index.php?rest_route=\/wp\/v2\/posts\/40480\/revisions"}],"predecessor-version":[{"id":40481,"href":"https:\/\/www.contextosdigital.com\/index.php?rest_route=\/wp\/v2\/posts\/40480\/revisions\/40481"}],"wp:attachment":[{"href":"https:\/\/www.contextosdigital.com\/index.php?rest_route=%2Fwp%2Fv2%2Fmedia&parent=40480"}],"wp:term":[{"taxonomy":"category","embeddable":true,"href":"https:\/\/www.contextosdigital.com\/index.php?rest_route=%2Fwp%2Fv2%2Fcategories&post=40480"},{"taxonomy":"post_tag","embeddable":true,"href":"https:\/\/www.contextosdigital.com\/index.php?rest_route=%2Fwp%2Fv2%2Ftags&post=40480"}],"curies":[{"name":"wp","href":"https:\/\/api.w.org\/{rel}","templated":true}]}}