{"id":40474,"date":"2015-12-03T09:25:06","date_gmt":"2015-12-03T14:25:06","guid":{"rendered":"http:\/\/www.contextosdigital.com\/?p=40474"},"modified":"2015-12-03T09:25:06","modified_gmt":"2015-12-03T14:25:06","slug":"la-participacion-ciudadana-clave-para-una-ciudad-ordenada-y-limpia-valenzuela-diaz","status":"publish","type":"post","link":"https:\/\/www.contextosdigital.com\/?p=40474","title":{"rendered":"La participaci\u00f3n ciudadana, clave para una ciudad ordenada y limpia: Valenzuela D\u00edaz"},"content":{"rendered":"<p>Trabajos de limpieza, recolecci\u00f3n de basura dom\u00e9stica y poda de pasto y \u00e1rboles, fueron realizados por habitantes de la delegaci\u00f3n de Tlapancalco\u00a0 el pasado fin de semana, encabezados por la S\u00edndico Municipal del Ayuntamiento de Tlaxcala, Katy Ver\u00f3nica Valenzuela D\u00edaz.<\/p>\n<p>En la demarcaci\u00f3n sostuvo que es responsabilidad de autoridades y ciudadanos participar en actividades que promuevan una delegaci\u00f3n sana, donde se ponga en pr\u00e1ctica la educaci\u00f3n y cultura de la limpieza, a fin de que la ciudad de Tlaxcala contin\u00fae como una de las m\u00e1s limpias del territorio nacional.<\/p>\n<p>\u201cTenemos el compromiso trazado con el presidente municipal Adolfo Escobar Jard\u00ednez de involucrarnos con las tareas diarias de la ciudadan\u00eda\u00bb, asever\u00f3.<\/p>\n<p>Invit\u00f3 a la poblaci\u00f3n a unirse a las campa\u00f1as de limpieza, con las cuales dijo, se mantendr\u00e1n\u00a0 limpias colonia, calles, y delegaciones, adem\u00e1s hizo un llamado a no arrojar basura en los terrenos bald\u00edos ni en las avenidas, ya que \u201cla participaci\u00f3n ciudadana es clave para una ciudad ordenada y limpia\u201d.<\/p>\n<p>Finalmente agradeci\u00f3 a los habitantes de Tlapancalco por su participaci\u00f3n, y agreg\u00f3 que dichas labores forman parte de los compromisos adquiridos\u00a0 con la finalidad de proteger el medio ambiente y la salud de las y los tlaxcaltecas.<\/p>\n","protected":false},"excerpt":{"rendered":"<p>Trabajos de limpieza, recolecci\u00f3n de basura dom\u00e9stica y poda de pasto y \u00e1rboles, fueron realizados por habitantes de la delegaci\u00f3n de Tlapancalco  el pasado fin de semana, encabezados por la S\u00edndico Municipal del Ayuntamiento de Tlaxcala, Katy Ver\u00f3nica Valenzuela D\u00edaz.<br \/>\nEn la demarcaci\u00f3n sostuvo que es responsabilidad de autoridades y ciudadanos participar en actividades que promuevan una delegaci\u00f3n sana, donde se ponga en pr\u00e1ctica la educaci\u00f3n y cultura de la limpieza, a fin de que la ciudad de Tlaxcala contin\u00fae como una de las m\u00e1s limpias del territorio nacional.<\/p>\n","protected":false},"author":2,"featured_media":40475,"comment_status":"open","ping_status":"open","sticky":false,"template":"","format":"standard","meta":{"footnotes":""},"categories":[4],"tags":[],"class_list":["post-40474","post","type-post","status-publish","format-standard","has-post-thumbnail","hentry","category-local"],"_links":{"self":[{"href":"https:\/\/www.contextosdigital.com\/index.php?rest_route=\/wp\/v2\/posts\/40474","targetHints":{"allow":["GET"]}}],"collection":[{"href":"https:\/\/www.contextosdigital.com\/index.php?rest_route=\/wp\/v2\/posts"}],"about":[{"href":"https:\/\/www.contextosdigital.com\/index.php?rest_route=\/wp\/v2\/types\/post"}],"author":[{"embeddable":true,"href":"https:\/\/www.contextosdigital.com\/index.php?rest_route=\/wp\/v2\/users\/2"}],"replies":[{"embeddable":true,"href":"https:\/\/www.contextosdigital.com\/index.php?rest_route=%2Fwp%2Fv2%2Fcomments&post=40474"}],"version-history":[{"count":1,"href":"https:\/\/www.contextosdigital.com\/index.php?rest_route=\/wp\/v2\/posts\/40474\/revisions"}],"predecessor-version":[{"id":40476,"href":"https:\/\/www.contextosdigital.com\/index.php?rest_route=\/wp\/v2\/posts\/40474\/revisions\/40476"}],"wp:featuredmedia":[{"embeddable":true,"href":"https:\/\/www.contextosdigital.com\/index.php?rest_route=\/wp\/v2\/media\/40475"}],"wp:attachment":[{"href":"https:\/\/www.contextosdigital.com\/index.php?rest_route=%2Fwp%2Fv2%2Fmedia&parent=40474"}],"wp:term":[{"taxonomy":"category","embeddable":true,"href":"https:\/\/www.contextosdigital.com\/index.php?rest_route=%2Fwp%2Fv2%2Fcategories&post=40474"},{"taxonomy":"post_tag","embeddable":true,"href":"https:\/\/www.contextosdigital.com\/index.php?rest_route=%2Fwp%2Fv2%2Ftags&post=40474"}],"curies":[{"name":"wp","href":"https:\/\/api.w.org\/{rel}","templated":true}]}}