{"id":40457,"date":"2015-12-02T09:23:26","date_gmt":"2015-12-02T14:23:26","guid":{"rendered":"http:\/\/www.contextosdigital.com\/?p=40457"},"modified":"2015-12-02T09:23:26","modified_gmt":"2015-12-02T14:23:26","slug":"primer-encuentro-de-becarios-del-verano-de-la-investigacion-cientifica-en-la-uat","status":"publish","type":"post","link":"https:\/\/www.contextosdigital.com\/?p=40457","title":{"rendered":"Primer encuentro de becarios del verano de la investigaci\u00f3n cient\u00edfica en la UAT"},"content":{"rendered":"<p>La Universidad Aut\u00f3noma de Tlaxcala (UAT), a trav\u00e9s de la Secretar\u00eda de Investigaci\u00f3n Cient\u00edfica y Posgrado, puso en marcha los trabajos del Primer encuentro de becarios del verano de la investigaci\u00f3n cient\u00edfica, programa que organiza la Academia Mexicana de Ciencias, evento que conjunt\u00f3 15 experiencias de \u00e9xito de alumnos de licenciatura y posgrado de esta Casa de Estudios, quienes compartieron las experiencias vividas durante su estancia.<\/p>\n<p>Durante la presentaci\u00f3n de este Primer encuentro, la Mtra. Samantha Vi\u00f1as Landa, Secretaria de Investigaci\u00f3n Cient\u00edfica y Posgrado, a nombre del Mtro. Rub\u00e9n Reyes C\u00f3rdoba, Rector de la UAT, reconoci\u00f3 el trabajo de los estudiantes; se refiri\u00f3 a las estancias como indispensables en la formaci\u00f3n de investigadores que inician en esta actividad, y se comprometi\u00f3 a seguir apoyando la formaci\u00f3n cient\u00edfica de los alumnos de la Instituci\u00f3n.<\/p>\n<p>Por su parte, la Dra. Margarita Mart\u00ednez G\u00f3mez, Coordinadora del Centro Tlaxcala Biolog\u00eda de la Conducta (CTBC), y Presidenta de la Academia Mexicana de Ciencias Regi\u00f3n Sureste-2, enfatiz\u00f3 que, aunado a estas acciones, debe generarse el acercamiento hacia los expertos de las facultades o centros de investigaci\u00f3n de sus instituciones de procedencia, formas que emplean estudiantes universitarios de otros pa\u00edses para\u00a0 emprender la actividad de la indagaci\u00f3n cient\u00edfica.<\/p>\n<p>Dentro de las presentaciones de quienes intervinieron en este Primer encuentro de becarios del verano de la investigaci\u00f3n cient\u00edfica, destac\u00f3 la exposici\u00f3n de Aim\u00e9 Gonz\u00e1lez Ramos, estudiante de la Facultad de Agrobiolog\u00eda, quien realiz\u00f3 su estancia en la ciudad de Saskatoon, Saskatchewan, Canad\u00e1, donde particip\u00f3 en el proyecto \u201cCalibraci\u00f3n del Modelo MESH en la Cuenca Vermilion, Canad\u00e1\u201d, el cual refleja c\u00f3mo los seres humanos ejercemos nuestra racionalidad, que encuentra su mayor expresi\u00f3n y formalizaci\u00f3n en la buena ciencia.<\/p>\n<p>Otro caso de \u00e9xito lo constituye el estudiante del Doctorado en Ciencias Biol\u00f3gicas, Jos\u00e9 Luis Palacios Galicia, quien su estancia la hizo en el Laboratorio de investigaciones qu\u00edmico cl\u00ednicas de la Benem\u00e9rita Universidad Aut\u00f3noma de Puebla (BUAP), con el proyecto \u201cEstr\u00e9s oxidativo en el proceso isqu\u00e9mico cerebral\u201d, lo que le ha servido para profundizarse en el conocimiento de los mecanismos de lesi\u00f3n y reparaci\u00f3n nerviosa.<\/p>\n<p>De igual manera, Mar\u00eda Mercedes Corona Serrano, estudiante de la Facultad de Ciencias de la Educaci\u00f3n, que desarroll\u00f3 su proyecto de investigaci\u00f3n en el Instituto de Estudios de Investigaciones sobre la Universidad y la Educaci\u00f3n (IISUE), denominado \u201cFormaci\u00f3n y evaluaci\u00f3n docente\u201d, lo que le permiti\u00f3 adquirir conocimientos y habilidades para realizar indagaci\u00f3n cient\u00edfica, as\u00ed como consolidar su trabajo de tesis.<\/p>\n<p>En este encuentro educativo todos los participantes coincidieron en que los aprendizajes y experiencias vividas, han incentivado su inquietud por realizar estudios de posgrado y dedicarse a la apasionante tarea de la investigaci\u00f3n.<\/p>\n","protected":false},"excerpt":{"rendered":"<p>La Universidad Aut\u00f3noma de Tlaxcala (UAT), a trav\u00e9s de la Secretar\u00eda de Investigaci\u00f3n Cient\u00edfica y Posgrado, puso en marcha los trabajos del Primer encuentro de becarios del verano de la investigaci\u00f3n cient\u00edfica, programa que organiza la Academia Mexicana de Ciencias, evento que conjunt\u00f3 15 experiencias de \u00e9xito de alumnos de licenciatura y posgrado de esta Casa de Estudios, quienes compartieron las experiencias vividas durante su estancia.<br \/>\n Durante la presentaci\u00f3n de este Primer encuentro, la Mtra. Samantha Vi\u00f1as Landa, Secretaria de Investigaci\u00f3n Cient\u00edfica y Posgrado, a nombre del Mtro. Rub\u00e9n Reyes C\u00f3rdoba, Rector de la UAT, reconoci\u00f3 el trabajo de los estudiantes; se refiri\u00f3 a las estancias como indispensables en la formaci\u00f3n de investigadores que inician en esta actividad, y se comprometi\u00f3 a seguir apoyando la formaci\u00f3n cient\u00edfica de los alumnos de la Instituci\u00f3n. <\/p>\n","protected":false},"author":2,"featured_media":40458,"comment_status":"open","ping_status":"open","sticky":false,"template":"","format":"standard","meta":{"footnotes":""},"categories":[4],"tags":[],"class_list":["post-40457","post","type-post","status-publish","format-standard","has-post-thumbnail","hentry","category-local"],"_links":{"self":[{"href":"https:\/\/www.contextosdigital.com\/index.php?rest_route=\/wp\/v2\/posts\/40457","targetHints":{"allow":["GET"]}}],"collection":[{"href":"https:\/\/www.contextosdigital.com\/index.php?rest_route=\/wp\/v2\/posts"}],"about":[{"href":"https:\/\/www.contextosdigital.com\/index.php?rest_route=\/wp\/v2\/types\/post"}],"author":[{"embeddable":true,"href":"https:\/\/www.contextosdigital.com\/index.php?rest_route=\/wp\/v2\/users\/2"}],"replies":[{"embeddable":true,"href":"https:\/\/www.contextosdigital.com\/index.php?rest_route=%2Fwp%2Fv2%2Fcomments&post=40457"}],"version-history":[{"count":1,"href":"https:\/\/www.contextosdigital.com\/index.php?rest_route=\/wp\/v2\/posts\/40457\/revisions"}],"predecessor-version":[{"id":40459,"href":"https:\/\/www.contextosdigital.com\/index.php?rest_route=\/wp\/v2\/posts\/40457\/revisions\/40459"}],"wp:featuredmedia":[{"embeddable":true,"href":"https:\/\/www.contextosdigital.com\/index.php?rest_route=\/wp\/v2\/media\/40458"}],"wp:attachment":[{"href":"https:\/\/www.contextosdigital.com\/index.php?rest_route=%2Fwp%2Fv2%2Fmedia&parent=40457"}],"wp:term":[{"taxonomy":"category","embeddable":true,"href":"https:\/\/www.contextosdigital.com\/index.php?rest_route=%2Fwp%2Fv2%2Fcategories&post=40457"},{"taxonomy":"post_tag","embeddable":true,"href":"https:\/\/www.contextosdigital.com\/index.php?rest_route=%2Fwp%2Fv2%2Ftags&post=40457"}],"curies":[{"name":"wp","href":"https:\/\/api.w.org\/{rel}","templated":true}]}}