{"id":40452,"date":"2015-12-02T09:20:56","date_gmt":"2015-12-02T14:20:56","guid":{"rendered":"http:\/\/www.contextosdigital.com\/?p=40452"},"modified":"2015-12-02T09:20:56","modified_gmt":"2015-12-02T14:20:56","slug":"chiautempan-sede-de-eventos-de-ninos-difusores","status":"publish","type":"post","link":"https:\/\/www.contextosdigital.com\/?p=40452","title":{"rendered":"Chiautempan, sede de eventos de \u201cNi\u00f1os difusores\u201d"},"content":{"rendered":"<p>Las instalaciones de \u201cLa Ciudad de los ni\u00f1os\u201d que se encuentran ubicadas en la colonia Tepetlapa R\u00edo de los Negros del municipio de Chiautempan, fue sede para la realizaci\u00f3n de actividades que se llevan a cabo dentro del programa \u201cNi\u00f1os Difusores\u201d, que en esta ocasi\u00f3n fue denominada \u201cRally de prevenci\u00f3n de adicciones\u201d, participando en ella los 60 ni\u00f1os que integran el programa mencionado con anterioridad.<\/p>\n<p>Dicho evento, que estuvo a cargo del Sistema para el Desarrollo Integral de la Familia (DIF) tanto Estatal como Municipal, tiene como objetivo dar a conocer los derechos y deberes que tienen todos los ni\u00f1os al igual que propicia y fomenta la convivencia e integraci\u00f3n familiar, debido a que en las actividades tambi\u00e9n participaron los padres de familia que acompa\u00f1aron a los infantes.<\/p>\n<p>Lo anterior lo dio a conocer la Directora del SMDIF, Olivia Rosete Rosete, quien coment\u00f3 que el programa de \u201cNi\u00f1os Difusores\u201d est\u00e1 integrado por ni\u00f1os y ni\u00f1as de 10 a 17 a\u00f1os, siendo un representante por municipio, cuyo objetivo general es difundir y promover el conocimiento de los derechos de la ni\u00f1ez dentro de la familia, la escuela y comunidad con el apoyo y reconocimiento de las autoridades a fin de tener una participaci\u00f3n comunitaria desde su realidad local, dando a conocer sus necesidades e inquietudes para su atenci\u00f3n, \u00e9sto se logra a trav\u00e9s de diferentes acciones como campa\u00f1as, jornadas, ferias y programas de radio entre otras.<\/p>\n","protected":false},"excerpt":{"rendered":"<p>Las instalaciones de \u201cLa Ciudad de los ni\u00f1os\u201d que se encuentran ubicadas en la colonia Tepetlapa R\u00edo de los Negros del municipio de Chiautempan, fue sede para la realizaci\u00f3n de actividades que se llevan a cabo dentro del programa \u201cNi\u00f1os Difusores\u201d, que en esta ocasi\u00f3n fue denominada \u201cRally de prevenci\u00f3n de adicciones\u201d, participando en ella los 60 ni\u00f1os que integran el programa mencionado con anterioridad.<br \/>\nDicho evento, que estuvo a cargo del Sistema para el Desarrollo Integral de la Familia (DIF) tanto Estatal como Municipal, tiene como objetivo dar a conocer los derechos y deberes que tienen todos los ni\u00f1os al igual que propicia y fomenta la convivencia e integraci\u00f3n familiar, debido a que en las actividades tambi\u00e9n participaron los padres de familia que acompa\u00f1aron a los infantes.<\/p>\n","protected":false},"author":2,"featured_media":40453,"comment_status":"open","ping_status":"open","sticky":false,"template":"","format":"standard","meta":{"footnotes":""},"categories":[4],"tags":[],"class_list":["post-40452","post","type-post","status-publish","format-standard","has-post-thumbnail","hentry","category-local"],"_links":{"self":[{"href":"https:\/\/www.contextosdigital.com\/index.php?rest_route=\/wp\/v2\/posts\/40452","targetHints":{"allow":["GET"]}}],"collection":[{"href":"https:\/\/www.contextosdigital.com\/index.php?rest_route=\/wp\/v2\/posts"}],"about":[{"href":"https:\/\/www.contextosdigital.com\/index.php?rest_route=\/wp\/v2\/types\/post"}],"author":[{"embeddable":true,"href":"https:\/\/www.contextosdigital.com\/index.php?rest_route=\/wp\/v2\/users\/2"}],"replies":[{"embeddable":true,"href":"https:\/\/www.contextosdigital.com\/index.php?rest_route=%2Fwp%2Fv2%2Fcomments&post=40452"}],"version-history":[{"count":1,"href":"https:\/\/www.contextosdigital.com\/index.php?rest_route=\/wp\/v2\/posts\/40452\/revisions"}],"predecessor-version":[{"id":40454,"href":"https:\/\/www.contextosdigital.com\/index.php?rest_route=\/wp\/v2\/posts\/40452\/revisions\/40454"}],"wp:featuredmedia":[{"embeddable":true,"href":"https:\/\/www.contextosdigital.com\/index.php?rest_route=\/wp\/v2\/media\/40453"}],"wp:attachment":[{"href":"https:\/\/www.contextosdigital.com\/index.php?rest_route=%2Fwp%2Fv2%2Fmedia&parent=40452"}],"wp:term":[{"taxonomy":"category","embeddable":true,"href":"https:\/\/www.contextosdigital.com\/index.php?rest_route=%2Fwp%2Fv2%2Fcategories&post=40452"},{"taxonomy":"post_tag","embeddable":true,"href":"https:\/\/www.contextosdigital.com\/index.php?rest_route=%2Fwp%2Fv2%2Ftags&post=40452"}],"curies":[{"name":"wp","href":"https:\/\/api.w.org\/{rel}","templated":true}]}}