{"id":106004,"date":"2025-10-02T10:14:36","date_gmt":"2025-10-02T15:14:36","guid":{"rendered":"https:\/\/www.contextosdigital.com\/?p=106004"},"modified":"2025-10-02T10:14:37","modified_gmt":"2025-10-02T15:14:37","slug":"coordinaran-policia-municipal-y-estatal-cierres-viales-para-garantizar-seguridad-en-el-medio-maraton-tlaxcallan","status":"publish","type":"post","link":"https:\/\/www.contextosdigital.com\/?p=106004","title":{"rendered":"Coordinar\u00e1n polic\u00eda municipal y estatal cierres viales para garantizar seguridad en el medio marat\u00f3n Tlaxcallan"},"content":{"rendered":"\n<p>Para asegurar que el Medio Marat\u00f3n Internacional Tlaxcall\u00e1n 2025, que se llevar\u00e1 a cabo el pr\u00f3ximo domingo 5 de octubre en la capital tlaxcalteca, se desarrolle en orden y con plenas condiciones de seguridad, la polic\u00eda municipal de Tlaxcala trabajar\u00e1 de manera coordinada con la Secretar\u00eda de Seguridad Ciudadana (SCC) en un amplio operativo de cierres viales.<\/p>\n\n\n\n<p>La Direcci\u00f3n de Seguridad, Protecci\u00f3n Ciudadana y Movilidad del municipio desplegar\u00e1 a sus elementos para reforzar las acciones estatales y brindar acompa\u00f1amiento a participantes, automovilistas y transe\u00fantes, al priorizar la protecci\u00f3n de la ciudadan\u00eda. El objetivo es garantizar que la celebraci\u00f3n deportiva transcurra con saldo blanco y sea motivo de orgullo para las familias tlaxcaltecas.<\/p>\n\n\n\n<p>El operativo contempla restricciones a la circulaci\u00f3n desde las 05:30 horas en puntos estrat\u00e9gicos como la Avenida Benito Ju\u00e1rez, el Bulevar Guillermo Valle, la Calle Lira y Ortega, y la Avenida Miguel de Lardiz\u00e1bal y Uribe hasta el Museo de Artesan\u00edas.<\/p>\n\n\n\n<p>Posteriormente, a partir de las 06:00 horas, se cerrar\u00e1 el Bulevar Mariano S\u00e1nchez hasta las Escalinatas, la Avenida Vicente Guerrero, el Bulevar Tepehitec hasta la Central de Autobuses, el Libramiento del Instituto Polit\u00e9cnico Nacional y la Avenida Polit\u00e9cnico. Finalmente, a las 06:20 horas se aplicar\u00e1 el cierre en la Carretera Federal Puebla\u2013Tlaxcala y la Avenida Reforma.<\/p>\n\n\n\n<p>El Ayuntamiento de Tlaxcala, que encabeza Alfonso S\u00e1nchez Garc\u00eda, inform\u00f3 que este trabajo interinstitucional entre la polic\u00eda municipal y estatal es fundamental para generar confianza, ordenar la movilidad y consolidar la imagen de Tlaxcala como una ciudad segura y capaz de albergar eventos internacionales.<\/p>\n","protected":false},"excerpt":{"rendered":"<p>Para asegurar que el Medio Marat\u00f3n Internacional Tlaxcall\u00e1n 2025, que se llevar\u00e1 a cabo el pr\u00f3ximo domingo 5 de octubre en la capital tlaxcalteca, se desarrolle en orden y con plenas condiciones de seguridad, la polic\u00eda municipal de Tlaxcala trabajar\u00e1 de manera coordinada con la Secretar\u00eda de Seguridad Ciudadana (SCC) en un amplio operativo de [&hellip;]<\/p>\n","protected":false},"author":2,"featured_media":106005,"comment_status":"open","ping_status":"open","sticky":false,"template":"","format":"standard","meta":{"footnotes":""},"categories":[4],"tags":[],"class_list":["post-106004","post","type-post","status-publish","format-standard","has-post-thumbnail","hentry","category-local"],"_links":{"self":[{"href":"https:\/\/www.contextosdigital.com\/index.php?rest_route=\/wp\/v2\/posts\/106004","targetHints":{"allow":["GET"]}}],"collection":[{"href":"https:\/\/www.contextosdigital.com\/index.php?rest_route=\/wp\/v2\/posts"}],"about":[{"href":"https:\/\/www.contextosdigital.com\/index.php?rest_route=\/wp\/v2\/types\/post"}],"author":[{"embeddable":true,"href":"https:\/\/www.contextosdigital.com\/index.php?rest_route=\/wp\/v2\/users\/2"}],"replies":[{"embeddable":true,"href":"https:\/\/www.contextosdigital.com\/index.php?rest_route=%2Fwp%2Fv2%2Fcomments&post=106004"}],"version-history":[{"count":1,"href":"https:\/\/www.contextosdigital.com\/index.php?rest_route=\/wp\/v2\/posts\/106004\/revisions"}],"predecessor-version":[{"id":106006,"href":"https:\/\/www.contextosdigital.com\/index.php?rest_route=\/wp\/v2\/posts\/106004\/revisions\/106006"}],"wp:featuredmedia":[{"embeddable":true,"href":"https:\/\/www.contextosdigital.com\/index.php?rest_route=\/wp\/v2\/media\/106005"}],"wp:attachment":[{"href":"https:\/\/www.contextosdigital.com\/index.php?rest_route=%2Fwp%2Fv2%2Fmedia&parent=106004"}],"wp:term":[{"taxonomy":"category","embeddable":true,"href":"https:\/\/www.contextosdigital.com\/index.php?rest_route=%2Fwp%2Fv2%2Fcategories&post=106004"},{"taxonomy":"post_tag","embeddable":true,"href":"https:\/\/www.contextosdigital.com\/index.php?rest_route=%2Fwp%2Fv2%2Ftags&post=106004"}],"curies":[{"name":"wp","href":"https:\/\/api.w.org\/{rel}","templated":true}]}}