{"id":104218,"date":"2025-04-25T10:27:54","date_gmt":"2025-04-25T15:27:54","guid":{"rendered":"https:\/\/www.contextosdigital.com\/?p=104218"},"modified":"2025-04-25T10:27:54","modified_gmt":"2025-04-25T15:27:54","slug":"policia-de-tlaxcala-de-xicohtencatl-actua-con-eficacia-y-detiene-a-dos-personas-por-presunto-robo-en-tizatlan","status":"publish","type":"post","link":"https:\/\/www.contextosdigital.com\/?p=104218","title":{"rendered":"Polic\u00eda de Tlaxcala de Xicoht\u00e9ncatl act\u00faa con eficacia y detiene a dos personas por presunto robo, en Tizatl\u00e1n"},"content":{"rendered":"\n<p>* Gracias a una denuncia ciudadana se logr\u00f3 la detenci\u00f3n de Geovanny N., y Jaquelin N., ambos con antecedentes criminales en otros municipios<\/p>\n\n\n\n<p>Gracias a la oportuna intervenci\u00f3n de los elementos de la Direcci\u00f3n de Seguridad Ciudadana y Movilidad del Municipio de Tlaxcala y a la denuncia realizada por integrantes del Grupo de Vecinos Vigilantes, se logr\u00f3 la detenci\u00f3n de dos personas que presuntamente se encontraban sustrayendo pertenencias al interior de un inmueble en la comunidad de San Esteban Tizatl\u00e1n.<\/p>\n\n\n\n<p>Los hechos ocurrieron la ma\u00f1ana de este jueves 24 de abril, cuando se recibi\u00f3 el reporte ciudadano que alertaba sobre la presencia de tres personas \u2014dos del sexo masculino y una del sexo femenino\u2014 al interior de un inmueble ubicado en la calle 12 de mayo, a un costado de la carretera Ocotoxco &#8211; San Mart\u00edn Texmelucan.<\/p>\n\n\n\n<p>De inmediato, elementos de la Direcci\u00f3n se trasladaron al lugar, donde vecinos alertaron sobre la presencia de personas extra\u00f1as al interior del domicilio. Tras realizar una inspecci\u00f3n, se observ\u00f3 a tres personas dentro del patio del inmueble, quienes al notar la presencia policial emprendieron la huida.<\/p>\n\n\n\n<p>Los polic\u00edas preventivos emprendieron una persecuci\u00f3n ininterrumpida, logrando la detenci\u00f3n de dos de los presuntos responsables en terrenos de labor ubicados sobre la calle 5 de Mayo de la misma comunidad.<\/p>\n\n\n\n<p>Los detenidos fueron identificados como Geovanny N., de 41 a\u00f1os de edad, con domicilio en la zona industrial de Ixtulco, Tlaxcala y Jaquelin N., de 25 a\u00f1os de edad, con domicilio en San Sim\u00f3n Tlatlauquitepec.<\/p>\n\n\n\n<p>Adem\u00e1s, se corrobor\u00f3 que los detenidos ya cuentan con antecedentes criminales en otros municipios del estado, principalmente por delitos de robo y posesi\u00f3n de arma de fuego.<\/p>\n\n\n\n<p>Ambos fueron asegurados conforme al protocolo correspondiente y trasladados a las instalaciones de la Direcci\u00f3n de Seguridad Ciudadana para llevar a cabo los tr\u00e1mites legales pertinentes.<\/p>\n","protected":false},"excerpt":{"rendered":"<p>* Gracias a una denuncia ciudadana se logr\u00f3 la detenci\u00f3n de Geovanny N., y Jaquelin N., ambos con antecedentes criminales en otros municipios Gracias a la oportuna intervenci\u00f3n de los elementos de la Direcci\u00f3n de Seguridad Ciudadana y Movilidad del Municipio de Tlaxcala y a la denuncia realizada por integrantes del Grupo de Vecinos Vigilantes, [&hellip;]<\/p>\n","protected":false},"author":2,"featured_media":104219,"comment_status":"open","ping_status":"open","sticky":false,"template":"","format":"standard","meta":{"footnotes":""},"categories":[4],"tags":[],"class_list":["post-104218","post","type-post","status-publish","format-standard","has-post-thumbnail","hentry","category-local"],"_links":{"self":[{"href":"https:\/\/www.contextosdigital.com\/index.php?rest_route=\/wp\/v2\/posts\/104218","targetHints":{"allow":["GET"]}}],"collection":[{"href":"https:\/\/www.contextosdigital.com\/index.php?rest_route=\/wp\/v2\/posts"}],"about":[{"href":"https:\/\/www.contextosdigital.com\/index.php?rest_route=\/wp\/v2\/types\/post"}],"author":[{"embeddable":true,"href":"https:\/\/www.contextosdigital.com\/index.php?rest_route=\/wp\/v2\/users\/2"}],"replies":[{"embeddable":true,"href":"https:\/\/www.contextosdigital.com\/index.php?rest_route=%2Fwp%2Fv2%2Fcomments&post=104218"}],"version-history":[{"count":1,"href":"https:\/\/www.contextosdigital.com\/index.php?rest_route=\/wp\/v2\/posts\/104218\/revisions"}],"predecessor-version":[{"id":104220,"href":"https:\/\/www.contextosdigital.com\/index.php?rest_route=\/wp\/v2\/posts\/104218\/revisions\/104220"}],"wp:featuredmedia":[{"embeddable":true,"href":"https:\/\/www.contextosdigital.com\/index.php?rest_route=\/wp\/v2\/media\/104219"}],"wp:attachment":[{"href":"https:\/\/www.contextosdigital.com\/index.php?rest_route=%2Fwp%2Fv2%2Fmedia&parent=104218"}],"wp:term":[{"taxonomy":"category","embeddable":true,"href":"https:\/\/www.contextosdigital.com\/index.php?rest_route=%2Fwp%2Fv2%2Fcategories&post=104218"},{"taxonomy":"post_tag","embeddable":true,"href":"https:\/\/www.contextosdigital.com\/index.php?rest_route=%2Fwp%2Fv2%2Ftags&post=104218"}],"curies":[{"name":"wp","href":"https:\/\/api.w.org\/{rel}","templated":true}]}}