{"id":103421,"date":"2025-02-03T20:43:07","date_gmt":"2025-02-04T01:43:07","guid":{"rendered":"https:\/\/www.contextosdigital.com\/?p=103421"},"modified":"2025-02-03T20:43:08","modified_gmt":"2025-02-04T01:43:08","slug":"con-el-operativo-alcoholimetro-ayuntamiento-de-tlaxcala-de-xicohtencatl-refuerza-la-seguridad","status":"publish","type":"post","link":"https:\/\/www.contextosdigital.com\/?p=103421","title":{"rendered":"Con el operativo alcohol\u00edmetro, ayuntamiento de Tlaxcala de Xicoht\u00e9ncatl refuerza la seguridad"},"content":{"rendered":"\n<p>Durante operativo, que inici\u00f3 la noche del s\u00e1bado, se levantaron 3 infracciones, se aplicaron 5 multas, se detuvo una persona y se remiti\u00f3 una motocicleta al corral\u00f3n<\/p>\n\n\n\n<p>Con el prop\u00f3sito de fortalecer la seguridad vial y prevenir incidentes derivados del consumo de alcohol, el Ayuntamiento de Tlaxcala de Xicoht\u00e9ncatl, a trav\u00e9s de la Direcci\u00f3n de Seguridad P\u00fablica, con el apoyo de Protecci\u00f3n Civil del municipio y la asistencia del Juez Municipal, llev\u00f3 a cabo el operativo Alcohol\u00edmetro Preventivo y Disuasivo de Seguridad del 31 de enero al 1 de febrero.<\/p>\n\n\n\n<p>Durante el operativo, se realizaron 75 pruebas de alcoholemia, de las cuales derivaron las siguientes acciones: tres infracciones por conducir con aliento alcoh\u00f3lico, cinco multas por exceder el l\u00edmite permitido de alcohol en la sangre, una persona detenida por incumplir las normas de tr\u00e1nsito y una motocicleta remitida al corral\u00f3n.<\/p>\n\n\n\n<p>Este operativo forma parte de las estrategias implementadas para identificar y neutralizar factores de riesgo en la v\u00eda p\u00fablica, desalentando conductas que puedan derivar en delitos o faltas administrativas.<\/p>\n\n\n\n<p>El Ayuntamiento de Tlaxcala reitera su compromiso con la seguridad y exhorta a la ciudadan\u00eda a conducir con responsabilidad, evitando el consumo de alcohol al manejar.<\/p>\n","protected":false},"excerpt":{"rendered":"<p>Durante operativo, que inici\u00f3 la noche del s\u00e1bado, se levantaron 3 infracciones, se aplicaron 5 multas, se detuvo una persona y se remiti\u00f3 una motocicleta al corral\u00f3n Con el prop\u00f3sito de fortalecer la seguridad vial y prevenir incidentes derivados del consumo de alcohol, el Ayuntamiento de Tlaxcala de Xicoht\u00e9ncatl, a trav\u00e9s de la Direcci\u00f3n de [&hellip;]<\/p>\n","protected":false},"author":2,"featured_media":103422,"comment_status":"open","ping_status":"open","sticky":false,"template":"","format":"standard","meta":{"footnotes":""},"categories":[4],"tags":[],"class_list":["post-103421","post","type-post","status-publish","format-standard","has-post-thumbnail","hentry","category-local"],"_links":{"self":[{"href":"https:\/\/www.contextosdigital.com\/index.php?rest_route=\/wp\/v2\/posts\/103421","targetHints":{"allow":["GET"]}}],"collection":[{"href":"https:\/\/www.contextosdigital.com\/index.php?rest_route=\/wp\/v2\/posts"}],"about":[{"href":"https:\/\/www.contextosdigital.com\/index.php?rest_route=\/wp\/v2\/types\/post"}],"author":[{"embeddable":true,"href":"https:\/\/www.contextosdigital.com\/index.php?rest_route=\/wp\/v2\/users\/2"}],"replies":[{"embeddable":true,"href":"https:\/\/www.contextosdigital.com\/index.php?rest_route=%2Fwp%2Fv2%2Fcomments&post=103421"}],"version-history":[{"count":1,"href":"https:\/\/www.contextosdigital.com\/index.php?rest_route=\/wp\/v2\/posts\/103421\/revisions"}],"predecessor-version":[{"id":103423,"href":"https:\/\/www.contextosdigital.com\/index.php?rest_route=\/wp\/v2\/posts\/103421\/revisions\/103423"}],"wp:featuredmedia":[{"embeddable":true,"href":"https:\/\/www.contextosdigital.com\/index.php?rest_route=\/wp\/v2\/media\/103422"}],"wp:attachment":[{"href":"https:\/\/www.contextosdigital.com\/index.php?rest_route=%2Fwp%2Fv2%2Fmedia&parent=103421"}],"wp:term":[{"taxonomy":"category","embeddable":true,"href":"https:\/\/www.contextosdigital.com\/index.php?rest_route=%2Fwp%2Fv2%2Fcategories&post=103421"},{"taxonomy":"post_tag","embeddable":true,"href":"https:\/\/www.contextosdigital.com\/index.php?rest_route=%2Fwp%2Fv2%2Ftags&post=103421"}],"curies":[{"name":"wp","href":"https:\/\/api.w.org\/{rel}","templated":true}]}}