{"id":102394,"date":"2024-09-27T15:03:51","date_gmt":"2024-09-27T20:03:51","guid":{"rendered":"https:\/\/www.contextosdigital.com\/?p=102394"},"modified":"2024-09-27T15:03:54","modified_gmt":"2024-09-27T20:03:54","slug":"entrega-smdif-de-yauhquemehcan-en-coordinacion-con-sedif-despensas-del-programa-alimentacion-escolar-modalidad-caliente","status":"publish","type":"post","link":"https:\/\/www.contextosdigital.com\/?p=102394","title":{"rendered":"Entrega SMDIF de Yauhquemehcan en coordinaci\u00f3n con SEDIF despensas del programa \u201calimentaci\u00f3n escolar modalidad caliente\u201d"},"content":{"rendered":"\n<p>El Sistema Municipal para el Desarrollo Integral de la Familia de Yauhquemehcan que encabeza su Presidenta Honor\u00edfica Hidekel Aguilar Zagoya y la Directora Ana Mar\u00eda Hilda Duran Munive junto con el equipo del SMDIF y en coordinaci\u00f3n con el Sistema Estatal DIF realizaron la entrega de despensas a escuelas del municipio inscritas en el padr\u00f3n del programa \u201calimentaci\u00f3n escolar modalidad caliente\u201d.<\/p>\n\n\n\n<p>Durante la visita, personal del SMDIF aprovech\u00f3 la oportunidad para presentarse con los directivos y personal docente de las instituciones p\u00fablicas.<\/p>\n\n\n\n<p>Entre las escuelas de nivel b\u00e1sico visitadas se encuentra Primaria Nicol\u00e1s Bravo del Barrio de Calapa, Telesecundaria Xicoht\u00e9ncatl Axayacatzin de San Dionisio, primaria Ignacio Zaragoza&nbsp; tambi\u00e9n de la cabecera municipal, primaria M\u00e1rtires de 1810 de San Jos\u00e9 Tetel, primaria Frida Kahlo de la Quebradora, primaria Justo Sierra de la comunidad de San Benito Xaltocan, primaria Emilio Carranza de Huacaltzingo, primaria Amado Nervo de San Jos\u00e9 Tepoxtla, primaria Josefa Ortiz de Dom\u00ednguez del Barrio de Atencingo, preescolar Enrique Rebsamen de la comunidad de el Rosario Ocotoxco, primaria Ricardo Carvajal tambi\u00e9n de la misma comunidad y la escuela primaria Benito Ju\u00e1rez de la Comunidad de Atlihuetzian.<\/p>\n\n\n\n<p>En el SMDIF de Yauhquemehcan estamos comprometidos con la seguridad alimentaria de Ni\u00f1as, Ni\u00f1os y Adolescentes de nuestro municipio.<\/p>\n","protected":false},"excerpt":{"rendered":"<p>El Sistema Municipal para el Desarrollo Integral de la Familia de Yauhquemehcan que encabeza su Presidenta Honor\u00edfica Hidekel Aguilar Zagoya y la Directora Ana Mar\u00eda Hilda Duran Munive junto con el equipo del SMDIF y en coordinaci\u00f3n con el Sistema Estatal DIF realizaron la entrega de despensas a escuelas del municipio inscritas en el padr\u00f3n [&hellip;]<\/p>\n","protected":false},"author":2,"featured_media":102395,"comment_status":"open","ping_status":"open","sticky":false,"template":"","format":"standard","meta":{"footnotes":""},"categories":[4],"tags":[],"class_list":["post-102394","post","type-post","status-publish","format-standard","has-post-thumbnail","hentry","category-local"],"_links":{"self":[{"href":"https:\/\/www.contextosdigital.com\/index.php?rest_route=\/wp\/v2\/posts\/102394","targetHints":{"allow":["GET"]}}],"collection":[{"href":"https:\/\/www.contextosdigital.com\/index.php?rest_route=\/wp\/v2\/posts"}],"about":[{"href":"https:\/\/www.contextosdigital.com\/index.php?rest_route=\/wp\/v2\/types\/post"}],"author":[{"embeddable":true,"href":"https:\/\/www.contextosdigital.com\/index.php?rest_route=\/wp\/v2\/users\/2"}],"replies":[{"embeddable":true,"href":"https:\/\/www.contextosdigital.com\/index.php?rest_route=%2Fwp%2Fv2%2Fcomments&post=102394"}],"version-history":[{"count":1,"href":"https:\/\/www.contextosdigital.com\/index.php?rest_route=\/wp\/v2\/posts\/102394\/revisions"}],"predecessor-version":[{"id":102396,"href":"https:\/\/www.contextosdigital.com\/index.php?rest_route=\/wp\/v2\/posts\/102394\/revisions\/102396"}],"wp:featuredmedia":[{"embeddable":true,"href":"https:\/\/www.contextosdigital.com\/index.php?rest_route=\/wp\/v2\/media\/102395"}],"wp:attachment":[{"href":"https:\/\/www.contextosdigital.com\/index.php?rest_route=%2Fwp%2Fv2%2Fmedia&parent=102394"}],"wp:term":[{"taxonomy":"category","embeddable":true,"href":"https:\/\/www.contextosdigital.com\/index.php?rest_route=%2Fwp%2Fv2%2Fcategories&post=102394"},{"taxonomy":"post_tag","embeddable":true,"href":"https:\/\/www.contextosdigital.com\/index.php?rest_route=%2Fwp%2Fv2%2Ftags&post=102394"}],"curies":[{"name":"wp","href":"https:\/\/api.w.org\/{rel}","templated":true}]}}