{"id":101200,"date":"2024-05-05T21:12:34","date_gmt":"2024-05-06T02:12:34","guid":{"rendered":"https:\/\/www.contextosdigital.com\/?p=101200"},"modified":"2024-05-05T21:12:34","modified_gmt":"2024-05-06T02:12:34","slug":"minerva-hernandez-ramos-arranca-campana-rumbo-a-la-presidencia-de-tlaxcala","status":"publish","type":"post","link":"https:\/\/www.contextosdigital.com\/?p=101200","title":{"rendered":"Minerva Hern\u00e1ndez Ramos arranca campa\u00f1a rumbo a la Presidencia de Tlaxcala"},"content":{"rendered":"\n<p>Ante decenas de ciudadanos de las once comunidades y seis delegaciones que integran el municipio de Tlaxcala, la CP Minerva Hern\u00e1ndez Ramos dio inicio a su campa\u00f1a pol\u00edtica en busca del voto ciudadano para acceder a la Presidencia Municipal de la Capital del Estado.<\/p>\n\n\n\n<p>Acompa\u00f1ada de su planilla de regidores, s\u00edndico municipal y suplentes a los cargos de elecci\u00f3n popular, la candidata de la coalici\u00f3n Fuerza y Coraz\u00f3n por Tlaxcala, se comprometi\u00f3 a solucionar el grave problema de la inseguridad que afecta a todo el municipio \u201cNo escatimaremos recursos para resolver el problema de la inseguridad que enfrenta el municipio de Tlaxcala\u201d asegur\u00f3.<\/p>\n\n\n\n<p>Y agreg\u00f3 \u201cHoy es un d\u00eda hist\u00f3rico para nuestra capital, por que comienza la cuenta regresiva para devolver la seguridad a las familias capitalinas, van a contar con una presidenta municipal que no va a dar abrazos a los delincuentes ni la espalda a la ciudadan\u00eda\u201d.<\/p>\n\n\n\n<p>Durante su intervenci\u00f3n la candidata de la coalici\u00f3n PRI- PAN, exhibi\u00f3 el contrato que la actual administraci\u00f3n municipal tiene vigente para el arrendamiento de patrullas y que representa un costo para el erario de casi 30 millones pesos, siendo veh\u00edculos de origen chino que no cuentan con las caracter\u00edsticas que se requieren para funcionar como patrullas al servicio de la seguridad p\u00fablica, ya que tambi\u00e9n representan un peligro para los elementos policiacos.<\/p>\n\n\n\n<p>Tras &nbsp;hacer un&nbsp; recuento de los delitos cometidos durante la actual administraci\u00f3n y las violaciones sistem\u00e1ticas&nbsp; a los derechos humanos, Hern\u00e1ndez Ramos &nbsp;dejo claro su l\u00ednea de acci\u00f3n al frente de la presidencia municipal: \u201cMi compromiso es para lograr un cambio de fondo, un gobierno que atienda, que resuelva, que asuma el compromiso de devolver la tranquilidad a todos los capitalinos\u201d.<\/p>\n\n\n\n<p>\u201cEstoy convencida de que es posible que Tlaxcala tenga un gobierno que trabaje de la mano de su gente, un gobierno que s\u00ed escuche y que responda con acciones contundentes y no solo con palabras, mi vocaci\u00f3n es que juntos podamos cambiar a Tlaxcala y que hagamos de nuestra ciudad el lugar que nos devuelva la paz y la tranquilidad para vivir trabajar y prosperar\u201d concluy\u00f3.<\/p>\n\n\n\n<p>En el acto tambi\u00e9n estuvo presenten el candidato a diputado local H\u00e9ctor Mart\u00ednez Zamora \u201cPanu\u201d as\u00ed como delegados y presidentes de comunidad, quienes ratificaron su solidaridad y apoyo a la candidata de la coalici\u00f3n \u201cFuerza y Coraz\u00f3n por Tlaxcala quien mas tarde encabezo una caravana acompa\u00f1ada de todos sus simpatizantes para concluir con su arranque de campa\u00f1a.<\/p>\n","protected":false},"excerpt":{"rendered":"<p>Ante decenas de ciudadanos de las once comunidades y seis delegaciones que integran el municipio de Tlaxcala, la CP Minerva Hern\u00e1ndez Ramos dio inicio a su campa\u00f1a pol\u00edtica en busca del voto ciudadano para acceder a la Presidencia Municipal de la Capital del Estado. Acompa\u00f1ada de su planilla de regidores, s\u00edndico municipal y suplentes a [&hellip;]<\/p>\n","protected":false},"author":2,"featured_media":101201,"comment_status":"open","ping_status":"open","sticky":false,"template":"","format":"standard","meta":{"footnotes":""},"categories":[4],"tags":[],"class_list":["post-101200","post","type-post","status-publish","format-standard","has-post-thumbnail","hentry","category-local"],"_links":{"self":[{"href":"https:\/\/www.contextosdigital.com\/index.php?rest_route=\/wp\/v2\/posts\/101200","targetHints":{"allow":["GET"]}}],"collection":[{"href":"https:\/\/www.contextosdigital.com\/index.php?rest_route=\/wp\/v2\/posts"}],"about":[{"href":"https:\/\/www.contextosdigital.com\/index.php?rest_route=\/wp\/v2\/types\/post"}],"author":[{"embeddable":true,"href":"https:\/\/www.contextosdigital.com\/index.php?rest_route=\/wp\/v2\/users\/2"}],"replies":[{"embeddable":true,"href":"https:\/\/www.contextosdigital.com\/index.php?rest_route=%2Fwp%2Fv2%2Fcomments&post=101200"}],"version-history":[{"count":1,"href":"https:\/\/www.contextosdigital.com\/index.php?rest_route=\/wp\/v2\/posts\/101200\/revisions"}],"predecessor-version":[{"id":101202,"href":"https:\/\/www.contextosdigital.com\/index.php?rest_route=\/wp\/v2\/posts\/101200\/revisions\/101202"}],"wp:featuredmedia":[{"embeddable":true,"href":"https:\/\/www.contextosdigital.com\/index.php?rest_route=\/wp\/v2\/media\/101201"}],"wp:attachment":[{"href":"https:\/\/www.contextosdigital.com\/index.php?rest_route=%2Fwp%2Fv2%2Fmedia&parent=101200"}],"wp:term":[{"taxonomy":"category","embeddable":true,"href":"https:\/\/www.contextosdigital.com\/index.php?rest_route=%2Fwp%2Fv2%2Fcategories&post=101200"},{"taxonomy":"post_tag","embeddable":true,"href":"https:\/\/www.contextosdigital.com\/index.php?rest_route=%2Fwp%2Fv2%2Ftags&post=101200"}],"curies":[{"name":"wp","href":"https:\/\/api.w.org\/{rel}","templated":true}]}}